{"id":1007,"date":"2026-05-02T15:41:07","date_gmt":"2026-05-02T13:41:07","guid":{"rendered":"https:\/\/radioteleds.com\/?p=1007"},"modified":"2026-05-02T15:41:13","modified_gmt":"2026-05-02T13:41:13","slug":"proces-moise-a-miami-un-mandat-darret-fabrique-en-equateur-au-coeur-des-debats","status":"publish","type":"post","link":"https:\/\/radioteleds.com\/index.php\/2026\/05\/02\/proces-moise-a-miami-un-mandat-darret-fabrique-en-equateur-au-coeur-des-debats\/","title":{"rendered":"Proc\u00e8s Mo\u00efse \u00e0 Miami : un mandat d\u2019arr\u00eat \u201cfabriqu\u00e9\u201d en \u00c9quateur au c\u0153ur des d\u00e9bats"},"content":{"rendered":"\n<figure class=\"wp-block-image size-full\"><img data-recalc-dims=\"1\" fetchpriority=\"high\" decoding=\"async\" width=\"640\" height=\"480\" src=\"https:\/\/i0.wp.com\/radioteleds.com\/wp-content\/uploads\/2026\/05\/Banque-Carte-de-credit-Flux-du-Processus_20260502_083700_0000.png?resize=640%2C480&#038;ssl=1\" alt=\"\" class=\"wp-image-1008\" srcset=\"https:\/\/i0.wp.com\/radioteleds.com\/wp-content\/uploads\/2026\/05\/Banque-Carte-de-credit-Flux-du-Processus_20260502_083700_0000.png?w=1024&amp;ssl=1 1024w, https:\/\/i0.wp.com\/radioteleds.com\/wp-content\/uploads\/2026\/05\/Banque-Carte-de-credit-Flux-du-Processus_20260502_083700_0000.png?resize=300%2C225&amp;ssl=1 300w, https:\/\/i0.wp.com\/radioteleds.com\/wp-content\/uploads\/2026\/05\/Banque-Carte-de-credit-Flux-du-Processus_20260502_083700_0000.png?resize=768%2C576&amp;ssl=1 768w\" sizes=\"(max-width: 640px) 100vw, 640px\" \/><\/figure>\n\n\n\n<p>Le proc\u00e8s li\u00e9 \u00e0 l\u2019assassinat du pr\u00e9sident ha\u00eftien Jovenel Mo\u00efse, devant un tribunal f\u00e9d\u00e9ral \u00e0 Miami, a franchi une \u00e9tape importante avec de nouveaux t\u00e9moignages et r\u00e9v\u00e9lations sur la pr\u00e9paration du complot.<\/p>\n\n\n\n<p><br>Selon le Miami Herald, l\u2019avocat \u00e9quatorien Jos\u00e9 Antonio Corrales a reconnu avoir r\u00e9dig\u00e9, depuis l\u2019\u00c9quateur, un projet de mandat d\u2019arr\u00eat visant Jovenel Mo\u00efse. Ce document, pr\u00e9sent\u00e9 comme une proc\u00e9dure judiciaire, aurait \u00e9t\u00e9 con\u00e7u en dehors des standards l\u00e9gaux habituels.<\/p>\n\n\n\n<p><br>Corrales a expliqu\u00e9 avoir voulu produire un acte \u201cplus puissant et contraignant\u201d qu\u2019un mandat classique, estimant qu\u2019il s\u2019agissait d\u2019une situation politique exceptionnelle. Il affirme \u00e9galement avoir \u00e9t\u00e9 r\u00e9mun\u00e9r\u00e9 environ 800 dollars pour ses services de consultant par la firme CTU (Counter Terrorist Unit). Il dit ne pas avoir consult\u00e9 de juristes ha\u00eftiens, invoquant des raisons de s\u00e9curit\u00e9.<\/p>\n\n\n\n<p><br>Les accus\u00e9s soutiennent que la pr\u00e9sence d\u2019anciens militaires colombiens en Ha\u00efti aurait \u00e9t\u00e9 li\u00e9e \u00e0 l\u2019ex\u00e9cution d\u2019un mandat l\u00e9gal. Cette version est contest\u00e9e par la justice ha\u00eftienne. Le juge d\u2019instruction Jean Roger No\u00eblcius, entendu par vid\u00e9o, a rappel\u00e9 qu\u2019aucun juge ne peut l\u00e9galement destituer un pr\u00e9sident en fonction par un simple mandat.<\/p>\n\n\n\n<p><br>De son c\u00f4t\u00e9, le procureur Jason Wu a critiqu\u00e9 le recours \u00e0 un avocat \u00e9tranger ne ma\u00eetrisant ni le fran\u00e7ais ni le cr\u00e9ole pour la pr\u00e9paration de documents aussi sensibles.<\/p>\n\n\n\n<p><br>Des \u00e9l\u00e9ments pr\u00e9sent\u00e9s au jury mentionnent \u00e9galement des rapports selon lesquels l\u2019ancien pr\u00e9sident Michel Martelly et l\u2019ex-Premier ministre Ariel Henry auraient \u00e9t\u00e9 inform\u00e9s de certains d\u00e9veloppements li\u00e9s \u00e0 Joseph F\u00e9lix Badio pendant sa fuite.<\/p>\n\n\n\n<p><br>D\u2019autres all\u00e9gations sugg\u00e8rent que certaines actions de l\u2019enqu\u00eate en Ha\u00efti auraient \u00e9t\u00e9 ralenties, notamment par des changements dans des postes cl\u00e9s. Ariel Henry a toujours rejet\u00e9 ces accusations.<\/p>\n\n\n\n<p><br>L\u2019audience a \u00e9t\u00e9 particuli\u00e8rement charg\u00e9e en \u00e9motions, notamment lors de la pr\u00e9sentation d\u2019images de drones et de photographies li\u00e9es \u00e0 l\u2019autopsie du pr\u00e9sident, ce qui a profond\u00e9ment marqu\u00e9 plusieurs personnes pr\u00e9sentes dans la salle.<\/p>\n\n\n\n<p><br>Les plaidoiries finales sont pr\u00e9vues pour le d\u00e9but de la semaine prochaine. Le verdict sera rendu par un jury de 12 citoyens am\u00e9ricains. Les quatre accus\u00e9s principaux -Arc\u00e1ngel Pretel Ortiz, Antonio Intriago, James Solages et Walter Veintemilla -attendent d\u00e9sormais la d\u00e9cision de la justice.<\/p>\n\n\n\n<p><br>Au-del\u00e0 du proc\u00e8s, cette affaire continue de soulever de nombreuses interrogations sur les implications internationales et politiques de l\u2019assassinat de Jovenel Mo\u00efse, un \u00e9v\u00e9nement qui a profond\u00e9ment boulevers\u00e9 Ha\u00efti.<\/p>\n","protected":false},"excerpt":{"rendered":"<p>Le proc\u00e8s li\u00e9 \u00e0 l\u2019assassinat du pr\u00e9sident ha\u00eftien Jovenel Mo\u00efse, devant un tribunal f\u00e9d\u00e9ral \u00e0 Miami, a franchi<\/p>\n","protected":false},"author":1,"featured_media":1008,"comment_status":"open","ping_status":"open","sticky":false,"template":"","format":"standard","meta":{"_daextrevo_audio_file_creation_date":"","_daextrevo_text_to_speech":"","_daextrevo_document_type":"","_jetpack_memberships_contains_paid_content":false,"footnotes":""},"categories":[1,16,9,24,7],"tags":[],"class_list":["post-1007","post","type-post","status-publish","format-standard","has-post-thumbnail","hentry","category-actualites","category-diplomatie","category-international","category-justice","category-politique"],"jetpack_featured_media_url":"https:\/\/i0.wp.com\/radioteleds.com\/wp-content\/uploads\/2026\/05\/Banque-Carte-de-credit-Flux-du-Processus_20260502_083700_0000.png?fit=1024%2C768&ssl=1","jetpack_sharing_enabled":true,"_links":{"self":[{"href":"https:\/\/radioteleds.com\/index.php\/wp-json\/wp\/v2\/posts\/1007","targetHints":{"allow":["GET"]}}],"collection":[{"href":"https:\/\/radioteleds.com\/index.php\/wp-json\/wp\/v2\/posts"}],"about":[{"href":"https:\/\/radioteleds.com\/index.php\/wp-json\/wp\/v2\/types\/post"}],"author":[{"embeddable":true,"href":"https:\/\/radioteleds.com\/index.php\/wp-json\/wp\/v2\/users\/1"}],"replies":[{"embeddable":true,"href":"https:\/\/radioteleds.com\/index.php\/wp-json\/wp\/v2\/comments?post=1007"}],"version-history":[{"count":1,"href":"https:\/\/radioteleds.com\/index.php\/wp-json\/wp\/v2\/posts\/1007\/revisions"}],"predecessor-version":[{"id":1009,"href":"https:\/\/radioteleds.com\/index.php\/wp-json\/wp\/v2\/posts\/1007\/revisions\/1009"}],"wp:featuredmedia":[{"embeddable":true,"href":"https:\/\/radioteleds.com\/index.php\/wp-json\/wp\/v2\/media\/1008"}],"wp:attachment":[{"href":"https:\/\/radioteleds.com\/index.php\/wp-json\/wp\/v2\/media?parent=1007"}],"wp:term":[{"taxonomy":"category","embeddable":true,"href":"https:\/\/radioteleds.com\/index.php\/wp-json\/wp\/v2\/categories?post=1007"},{"taxonomy":"post_tag","embeddable":true,"href":"https:\/\/radioteleds.com\/index.php\/wp-json\/wp\/v2\/tags?post=1007"}],"curies":[{"name":"wp","href":"https:\/\/api.w.org\/{rel}","templated":true}]}}