{"id":145,"date":"2024-09-08T02:36:40","date_gmt":"2024-09-08T00:36:40","guid":{"rendered":"https:\/\/radioteleds.com\/?p=145"},"modified":"2024-09-08T02:36:40","modified_gmt":"2024-09-08T00:36:40","slug":"le-president-russe-dit-soutenir-kamala-harris-aux-elections-americaines","status":"publish","type":"post","link":"https:\/\/radioteleds.com\/index.php\/2024\/09\/08\/le-president-russe-dit-soutenir-kamala-harris-aux-elections-americaines\/","title":{"rendered":"Le Pr\u00e9sident russe dit soutenir Kamala Harris aux \u00e9lections am\u00e9ricaines"},"content":{"rendered":"\n<figure class=\"wp-block-image size-large is-resized\"><img data-recalc-dims=\"1\" fetchpriority=\"high\" decoding=\"async\" width=\"640\" height=\"479\" src=\"https:\/\/i0.wp.com\/radioteleds.com\/wp-content\/uploads\/2024\/09\/IMG_4347.jpeg?resize=640%2C479&#038;ssl=1\" alt=\"\" class=\"wp-image-146\" style=\"aspect-ratio:1.3350717079530638;width:232px;height:auto\" srcset=\"https:\/\/i0.wp.com\/radioteleds.com\/wp-content\/uploads\/2024\/09\/IMG_4347.jpeg?resize=1024%2C767&amp;ssl=1 1024w, https:\/\/i0.wp.com\/radioteleds.com\/wp-content\/uploads\/2024\/09\/IMG_4347.jpeg?resize=300%2C225&amp;ssl=1 300w, https:\/\/i0.wp.com\/radioteleds.com\/wp-content\/uploads\/2024\/09\/IMG_4347.jpeg?resize=768%2C575&amp;ssl=1 768w, https:\/\/i0.wp.com\/radioteleds.com\/wp-content\/uploads\/2024\/09\/IMG_4347.jpeg?w=1200&amp;ssl=1 1200w\" sizes=\"(max-width: 640px) 100vw, 640px\" \/><\/figure>\n\n\n\n<p><strong><em>Joe Biden le Pr\u00e9sident Am\u00e9ricain a recommand\u00e9 \u00e0 ses \u00e9lecteurs de soutenir Kamala Harris, nous ferons de m\u00eame, nous  la soutiendrons\u00a0\u00bb a d\u00e9clar\u00e9 le pr\u00e9sident russe, Vladimir Poutine, hier jeudi 5 septembre 2024.<\/em><\/strong> <br><\/p>\n\n\n\n<p>Pour Bien Dire , le pr\u00e9sident russe a fait cette d\u00e9claration lors de sa participation au forum \u00e9conomique oriental, tenu \u00e0 Vladivostok. Cet \u00e9v\u00e9nement d\u00e9roul\u00e9 du 3 au 6 septembre, a r\u00e9uni environ 6 000 invit\u00e9s venus de 76 pays.<\/p>\n\n\n\n<p>Le chef du Kremlin a soulign\u00e9 que Biden \u00e9tait le favori de Moscou aux \u00e9lections am\u00e9ricaines. Ayant laiss\u00e9 sa place \u00e0 Kamala, il la soutient maintenant.<\/p>\n\n\n\n<p>\u00ab&nbsp;Elle a un rire si expressif et contagieux que cela montre qu\u2019elle se porte bien&nbsp;\u00bb poursuit Monsieur Poutine.<\/p>\n\n\n\n<p>Le candidat r\u00e9publicain, Donald Trump a r\u00e9agi en pleine campagne, disant qu\u2019il ne sait pas s\u2019il se sent insult\u00e9 ou s\u2019il doit appeler le pr\u00e9sident russe pour le remercier du service rendu.<\/p>\n\n\n\n<p>La Maison Blanche quant \u00e0 elle a rappel\u00e9 le pr\u00e9sident russe \u00e0 se m\u00ealer de ses affaires.<\/p>\n\n\n\n<p>Il est \u00e0 souligner que cette annonce du pr\u00e9sident Poutine survient apr\u00e8s que les \u00c9tats-Unis ont annonc\u00e9, ce mercredi, une nouvelle vague de sanctions et de poursuites \u00e0 l\u2019\u00e9gard de la Russie, l\u2019accusant d\u2019ing\u00e9rences \u00e9lectorales aux \u00e9lections de 2016 et 2020.<\/p>\n","protected":false},"excerpt":{"rendered":"<p>Joe Biden le Pr\u00e9sident Am\u00e9ricain a recommand\u00e9 \u00e0 ses \u00e9lecteurs de soutenir Kamala Harris, nous ferons de m\u00eame,<\/p>\n","protected":false},"author":1,"featured_media":0,"comment_status":"open","ping_status":"open","sticky":false,"template":"","format":"standard","meta":{"_daextrevo_audio_file_creation_date":"","_daextrevo_text_to_speech":"","_daextrevo_document_type":"","_jetpack_memberships_contains_paid_content":false,"footnotes":""},"categories":[1,9,7],"tags":[],"class_list":["post-145","post","type-post","status-publish","format-standard","hentry","category-actualites","category-international","category-politique"],"jetpack_sharing_enabled":true,"jetpack_featured_media_url":"","_links":{"self":[{"href":"https:\/\/radioteleds.com\/index.php\/wp-json\/wp\/v2\/posts\/145"}],"collection":[{"href":"https:\/\/radioteleds.com\/index.php\/wp-json\/wp\/v2\/posts"}],"about":[{"href":"https:\/\/radioteleds.com\/index.php\/wp-json\/wp\/v2\/types\/post"}],"author":[{"embeddable":true,"href":"https:\/\/radioteleds.com\/index.php\/wp-json\/wp\/v2\/users\/1"}],"replies":[{"embeddable":true,"href":"https:\/\/radioteleds.com\/index.php\/wp-json\/wp\/v2\/comments?post=145"}],"version-history":[{"count":1,"href":"https:\/\/radioteleds.com\/index.php\/wp-json\/wp\/v2\/posts\/145\/revisions"}],"predecessor-version":[{"id":147,"href":"https:\/\/radioteleds.com\/index.php\/wp-json\/wp\/v2\/posts\/145\/revisions\/147"}],"wp:attachment":[{"href":"https:\/\/radioteleds.com\/index.php\/wp-json\/wp\/v2\/media?parent=145"}],"wp:term":[{"taxonomy":"category","embeddable":true,"href":"https:\/\/radioteleds.com\/index.php\/wp-json\/wp\/v2\/categories?post=145"},{"taxonomy":"post_tag","embeddable":true,"href":"https:\/\/radioteleds.com\/index.php\/wp-json\/wp\/v2\/tags?post=145"}],"curies":[{"name":"wp","href":"https:\/\/api.w.org\/{rel}","templated":true}]}}