{"id":154,"date":"2024-09-09T02:00:21","date_gmt":"2024-09-09T00:00:21","guid":{"rendered":"https:\/\/radioteleds.com\/?p=154"},"modified":"2024-09-09T02:00:22","modified_gmt":"2024-09-09T00:00:22","slug":"la-chine-naccepterait-plus-les-adoptions-internationales-denfants-chinois","status":"publish","type":"post","link":"https:\/\/radioteleds.com\/index.php\/2024\/09\/09\/la-chine-naccepterait-plus-les-adoptions-internationales-denfants-chinois\/","title":{"rendered":"La Chine n&rsquo;accepterait plus les adoptions internationales d&rsquo;enfants chinois."},"content":{"rendered":"\n<figure class=\"wp-block-image size-full is-resized\"><img data-recalc-dims=\"1\" fetchpriority=\"high\" decoding=\"async\" width=\"640\" height=\"362\" src=\"https:\/\/i0.wp.com\/radioteleds.com\/wp-content\/uploads\/2024\/09\/IMG_4361.jpeg?resize=640%2C362&#038;ssl=1\" alt=\"\" class=\"wp-image-155\" style=\"aspect-ratio:1.77;width:318px;height:auto\" srcset=\"https:\/\/i0.wp.com\/radioteleds.com\/wp-content\/uploads\/2024\/09\/IMG_4361.jpeg?w=885&amp;ssl=1 885w, https:\/\/i0.wp.com\/radioteleds.com\/wp-content\/uploads\/2024\/09\/IMG_4361.jpeg?resize=300%2C169&amp;ssl=1 300w, https:\/\/i0.wp.com\/radioteleds.com\/wp-content\/uploads\/2024\/09\/IMG_4361.jpeg?resize=768%2C434&amp;ssl=1 768w\" sizes=\"(max-width: 640px) 100vw, 640px\" \/><\/figure>\n\n\n\n<h2 class=\"wp-block-heading\">La Chine a officiellement mis fin aux adoptions internationales d\u2019enfants chinois, comme l\u2019a annonc\u00e9 Mao Ning, porte-parole du minist\u00e8re chinois des Affaires \u00e9trang\u00e8res, lors d\u2019une conf\u00e9rence de presse tenue jeudi \u00e0 P\u00e9kin. Cette d\u00e9cision marque la fin d\u2019une politique en place depuis 1992, adopt\u00e9e durant l\u2019\u00e8re de la politique de l\u2019enfant unique.<\/h2>\n\n\n\n<p>Mao Ning a toutefois pr\u00e9cis\u00e9 que cette interdiction ne s\u2019appliquait pas \u00e0 toutes les situations. Les adoptions intra-familiales, telles que celles effectu\u00e9es par des parents biologiques ou pour l\u2019adoption d\u2019un beau-fils, restent autoris\u00e9es.<\/p>\n\n\n\n<p>La porte-parole du minist\u00e8re n\u2019a pas d\u00e9taill\u00e9 les raisons de cette nouvelle orientation politique. Elle s\u2019est limit\u00e9e \u00e0 indiquer que cette d\u00e9cision \u00e9tait \u201cconforme \u00e0 l\u2019esprit des conventions internationales\u201d, sans fournir davantage d\u2019explications.<\/p>\n\n\n\n<p>\u201cNous exprimons notre gratitude aux gouvernements et aux familles \u00e9trang\u00e8res qui ont manifest\u00e9 leur souhait d\u2019adopter des enfants chinois, pour leur bonne volont\u00e9 ainsi que pour l\u2019amour et la gentillesse dont ils ont fait preuve. Pour plus de d\u00e9tails, je vous renvoie aux autorit\u00e9s comp\u00e9tentes\u201d, a-t-elle d\u00e9clar\u00e9.<\/p>\n\n\n\n<p>Cette annonce marque un tournant significatif dans la politique d\u2019adoption de la Chine, qui a vu des milliers d\u2019enfants chinois adopt\u00e9s par des familles \u00e0 l\u2019\u00e9tranger au cours des trois derni\u00e8res d\u00e9cennies. La fin de cette pratique suscite des interrogations sur les futures orientations du pays en mati\u00e8re de protection de l\u2019enfance et de politique familiale.<\/p>\n","protected":false},"excerpt":{"rendered":"<p>La Chine a officiellement mis fin aux adoptions internationales d\u2019enfants chinois, comme l\u2019a annonc\u00e9 Mao Ning, porte-parole du<\/p>\n","protected":false},"author":1,"featured_media":0,"comment_status":"open","ping_status":"open","sticky":false,"template":"","format":"standard","meta":{"_daextrevo_audio_file_creation_date":"","_daextrevo_text_to_speech":"","_daextrevo_document_type":"","_jetpack_memberships_contains_paid_content":false,"footnotes":""},"categories":[1,9,7],"tags":[],"class_list":["post-154","post","type-post","status-publish","format-standard","hentry","category-actualites","category-international","category-politique"],"jetpack_sharing_enabled":true,"jetpack_featured_media_url":"","_links":{"self":[{"href":"https:\/\/radioteleds.com\/index.php\/wp-json\/wp\/v2\/posts\/154"}],"collection":[{"href":"https:\/\/radioteleds.com\/index.php\/wp-json\/wp\/v2\/posts"}],"about":[{"href":"https:\/\/radioteleds.com\/index.php\/wp-json\/wp\/v2\/types\/post"}],"author":[{"embeddable":true,"href":"https:\/\/radioteleds.com\/index.php\/wp-json\/wp\/v2\/users\/1"}],"replies":[{"embeddable":true,"href":"https:\/\/radioteleds.com\/index.php\/wp-json\/wp\/v2\/comments?post=154"}],"version-history":[{"count":1,"href":"https:\/\/radioteleds.com\/index.php\/wp-json\/wp\/v2\/posts\/154\/revisions"}],"predecessor-version":[{"id":156,"href":"https:\/\/radioteleds.com\/index.php\/wp-json\/wp\/v2\/posts\/154\/revisions\/156"}],"wp:attachment":[{"href":"https:\/\/radioteleds.com\/index.php\/wp-json\/wp\/v2\/media?parent=154"}],"wp:term":[{"taxonomy":"category","embeddable":true,"href":"https:\/\/radioteleds.com\/index.php\/wp-json\/wp\/v2\/categories?post=154"},{"taxonomy":"post_tag","embeddable":true,"href":"https:\/\/radioteleds.com\/index.php\/wp-json\/wp\/v2\/tags?post=154"}],"curies":[{"name":"wp","href":"https:\/\/api.w.org\/{rel}","templated":true}]}}