{"id":207,"date":"2024-10-05T15:36:56","date_gmt":"2024-10-05T13:36:56","guid":{"rendered":"https:\/\/radioteleds.com\/?p=207"},"modified":"2024-10-05T15:36:56","modified_gmt":"2024-10-05T13:36:56","slug":"a-33-ansantoine-griezmann-annonce-sa-retraite-internationale","status":"publish","type":"post","link":"https:\/\/radioteleds.com\/index.php\/2024\/10\/05\/a-33-ansantoine-griezmann-annonce-sa-retraite-internationale\/","title":{"rendered":"A 33 ans,Antoine Griezmann annonce sa retraite internationale"},"content":{"rendered":"\n<figure class=\"wp-block-image size-large\"><img data-recalc-dims=\"1\" fetchpriority=\"high\" decoding=\"async\" width=\"640\" height=\"359\" src=\"https:\/\/i0.wp.com\/radioteleds.com\/wp-content\/uploads\/2024\/10\/IMG_5002.webp?resize=640%2C359&#038;ssl=1\" alt=\"\" class=\"wp-image-208\" srcset=\"https:\/\/i0.wp.com\/radioteleds.com\/wp-content\/uploads\/2024\/10\/IMG_5002.webp?resize=1024%2C575&amp;ssl=1 1024w, https:\/\/i0.wp.com\/radioteleds.com\/wp-content\/uploads\/2024\/10\/IMG_5002.webp?resize=300%2C169&amp;ssl=1 300w, https:\/\/i0.wp.com\/radioteleds.com\/wp-content\/uploads\/2024\/10\/IMG_5002.webp?resize=768%2C431&amp;ssl=1 768w, https:\/\/i0.wp.com\/radioteleds.com\/wp-content\/uploads\/2024\/10\/IMG_5002.webp?w=1200&amp;ssl=1 1200w\" sizes=\"(max-width: 640px) 100vw, 640px\" \/><\/figure>\n\n\n\n<h2 class=\"wp-block-heading\">\u00c0 33 ans, Antoine Griezmann, vice-capitaine de l\u2019\u00e9quipe de France et champion du monde 2018, a pris la d\u00e9cision de tourner la page de sa carri\u00e8re internationale.<\/h2>\n\n\n\n<p>Ce lundi matin, sur son compte X (anciennement Twitter), il a annonc\u00e9 qu\u2019il prenait sa retraite de l\u2019\u00e9quipe nationale, d\u00e9clarant avec \u00e9motion : \u201cIl est temps pour moi de tourner une page et de laisser place \u00e0 la nouvelle g\u00e9n\u00e9ration.\u201d<\/p>\n\n\n\n<p>Avec 137 s\u00e9lections et 44 buts \u00e0 son actif, Griezmann a marqu\u00e9 l\u2019histoire des Bleus, notamment lors de la victoire en Coupe du Monde 2018. Pourtant, son dernier tournoi, l\u2019Euro 2024, s\u2019est sold\u00e9 par une d\u00e9ception personnelle, bien que la France ait atteint les demi-finales.<\/p>\n\n\n\n<p>Dans son message, Griezmann a \u00e9voqu\u00e9 ses souvenirs et l\u2019importance de ce chapitre de sa vie, qu\u2019il ferme d\u00e9sormais avec gratitude. Son d\u00e9part marque la fin d\u2019une \u00e9poque pour les Bleus, ouvrant la voie \u00e0 une nouvelle g\u00e9n\u00e9ration de talents pour mener l\u2019\u00e9quipe vers de nouveaux succ\u00e8s.<\/p>\n\n\n\n<figure class=\"wp-block-image size-large\"><img data-recalc-dims=\"1\" decoding=\"async\" width=\"640\" height=\"695\" src=\"https:\/\/i0.wp.com\/radioteleds.com\/wp-content\/uploads\/2024\/10\/IMG_5003.jpeg?resize=640%2C695&#038;ssl=1\" alt=\"\" class=\"wp-image-209\" srcset=\"https:\/\/i0.wp.com\/radioteleds.com\/wp-content\/uploads\/2024\/10\/IMG_5003.jpeg?resize=943%2C1024&amp;ssl=1 943w, https:\/\/i0.wp.com\/radioteleds.com\/wp-content\/uploads\/2024\/10\/IMG_5003.jpeg?resize=276%2C300&amp;ssl=1 276w, https:\/\/i0.wp.com\/radioteleds.com\/wp-content\/uploads\/2024\/10\/IMG_5003.jpeg?resize=768%2C834&amp;ssl=1 768w, https:\/\/i0.wp.com\/radioteleds.com\/wp-content\/uploads\/2024\/10\/IMG_5003.jpeg?resize=1024%2C1112&amp;ssl=1 1024w, https:\/\/i0.wp.com\/radioteleds.com\/wp-content\/uploads\/2024\/10\/IMG_5003.jpeg?w=1125&amp;ssl=1 1125w\" sizes=\"(max-width: 640px) 100vw, 640px\" \/><figcaption class=\"wp-element-caption\">Screenshot<\/figcaption><\/figure>\n\n\n\n<p><\/p>\n","protected":false},"excerpt":{"rendered":"<p>\u00c0 33 ans, Antoine Griezmann, vice-capitaine de l\u2019\u00e9quipe de France et champion du monde 2018, a pris la<\/p>\n","protected":false},"author":1,"featured_media":0,"comment_status":"open","ping_status":"open","sticky":false,"template":"","format":"standard","meta":{"_daextrevo_audio_file_creation_date":"","_daextrevo_text_to_speech":"","_daextrevo_document_type":"","_jetpack_memberships_contains_paid_content":false,"footnotes":""},"categories":[1,9,6],"tags":[],"class_list":["post-207","post","type-post","status-publish","format-standard","hentry","category-actualites","category-international","category-sport"],"jetpack_sharing_enabled":true,"jetpack_featured_media_url":"","_links":{"self":[{"href":"https:\/\/radioteleds.com\/index.php\/wp-json\/wp\/v2\/posts\/207"}],"collection":[{"href":"https:\/\/radioteleds.com\/index.php\/wp-json\/wp\/v2\/posts"}],"about":[{"href":"https:\/\/radioteleds.com\/index.php\/wp-json\/wp\/v2\/types\/post"}],"author":[{"embeddable":true,"href":"https:\/\/radioteleds.com\/index.php\/wp-json\/wp\/v2\/users\/1"}],"replies":[{"embeddable":true,"href":"https:\/\/radioteleds.com\/index.php\/wp-json\/wp\/v2\/comments?post=207"}],"version-history":[{"count":1,"href":"https:\/\/radioteleds.com\/index.php\/wp-json\/wp\/v2\/posts\/207\/revisions"}],"predecessor-version":[{"id":210,"href":"https:\/\/radioteleds.com\/index.php\/wp-json\/wp\/v2\/posts\/207\/revisions\/210"}],"wp:attachment":[{"href":"https:\/\/radioteleds.com\/index.php\/wp-json\/wp\/v2\/media?parent=207"}],"wp:term":[{"taxonomy":"category","embeddable":true,"href":"https:\/\/radioteleds.com\/index.php\/wp-json\/wp\/v2\/categories?post=207"},{"taxonomy":"post_tag","embeddable":true,"href":"https:\/\/radioteleds.com\/index.php\/wp-json\/wp\/v2\/tags?post=207"}],"curies":[{"name":"wp","href":"https:\/\/api.w.org\/{rel}","templated":true}]}}