{"id":211,"date":"2024-10-12T18:14:24","date_gmt":"2024-10-12T16:14:24","guid":{"rendered":"https:\/\/radioteleds.com\/?p=211"},"modified":"2024-10-12T19:13:05","modified_gmt":"2024-10-12T17:13:05","slug":"la-conference-des-eveques-catholiques-dhaiti-condamne-les-deportations-massives-de-haitiens-en-republique-dominicaine","status":"publish","type":"post","link":"https:\/\/radioteleds.com\/index.php\/2024\/10\/12\/la-conference-des-eveques-catholiques-dhaiti-condamne-les-deportations-massives-de-haitiens-en-republique-dominicaine\/","title":{"rendered":"La Conf\u00e9rence des \u00c9v\u00eaques Catholiques d\u2019Ha\u00efti Condamne les D\u00e9portations Massives de Ha\u00eftiens en R\u00e9publique Dominicaine"},"content":{"rendered":"\n<figure class=\"wp-block-image size-full\"><img data-recalc-dims=\"1\" fetchpriority=\"high\" decoding=\"async\" width=\"640\" height=\"183\" src=\"https:\/\/i0.wp.com\/radioteleds.com\/wp-content\/uploads\/2024\/10\/IMG_5092.jpeg?resize=640%2C183&#038;ssl=1\" alt=\"\" class=\"wp-image-212\" srcset=\"https:\/\/i0.wp.com\/radioteleds.com\/wp-content\/uploads\/2024\/10\/IMG_5092.jpeg?w=825&amp;ssl=1 825w, https:\/\/i0.wp.com\/radioteleds.com\/wp-content\/uploads\/2024\/10\/IMG_5092.jpeg?resize=300%2C86&amp;ssl=1 300w, https:\/\/i0.wp.com\/radioteleds.com\/wp-content\/uploads\/2024\/10\/IMG_5092.jpeg?resize=768%2C220&amp;ssl=1 768w\" sizes=\"(max-width: 640px) 100vw, 640px\" \/><\/figure>\n\n\n\n<p>Port-au-Prince, le 11 octobre 2024<\/p>\n\n\n\n<p>La Conf\u00e9rence des \u00c9v\u00eaques Catholiques d\u2019Ha\u00efti (CEH) a publi\u00e9 une d\u00e9claration ferme et \u00e9motive en r\u00e9ponse \u00e0 la crise migratoire entre Ha\u00efti et la R\u00e9publique Dominicaine. Cette note, adress\u00e9e aux pr\u00eatres, religieux, fid\u00e8les la\u00efcs, et \u00e0 toutes les personnes de bonne volont\u00e9, exprime une profonde solidarit\u00e9 avec les ressortissants ha\u00eftiens victimes des r\u00e9centes d\u00e9portations massives orchestr\u00e9es par les autorit\u00e9s dominicaines.<\/p>\n\n\n\n<p>Les \u00c9v\u00eaques ha\u00eftiens ont salu\u00e9 le courage des \u00c9v\u00eaques de la Conf\u00e9rence \u00c9piscopale Dominicaine (CED) pour leur proximit\u00e9 et leur condamnation des actes d\u2019injustice et de violence subis par les Ha\u00eftiens. Ils ont profit\u00e9 de l\u2019occasion pour exprimer leur solidarit\u00e9 \u00e0 tous les compatriotes affect\u00e9s.<\/p>\n\n\n\n<p>Les informations recueillies par la CEH sugg\u00e8rent que les autorit\u00e9s dominicaines cherchent \u00e0 renforcer la s\u00e9curit\u00e9 de leurs fronti\u00e8res et la protection de leurs citoyens. Toutefois, les \u00c9v\u00eaques ha\u00eftiens rappellent que, bien que chaque nation ait le droit de s\u00e9curiser son territoire, les principes de la D\u00e9claration universelle des droits de l\u2019homme interdisent toute forme de maltraitance envers les \u00e9trangers. \u00ab La vie de tout homme est sacr\u00e9e et inviolable \u00bb, souligne la note.<\/p>\n\n\n\n<p>La CEH appelle les autorit\u00e9s dominicaines \u00e0 respecter la dignit\u00e9 des Ha\u00eftiens et \u00e0 mettre fin aux actes haineux et discriminatoires. Citant les \u00c9critures, ils insistent sur l\u2019importance d\u2019accueillir les \u00e9trangers avec bienveillance : \u00ab Si un \u00e9tranger r\u00e9side avec vous dans votre pays, vous ne le molesterez pas. L\u2019\u00e9tranger qui r\u00e9side avec vous sera pour vous comme un compatriote et tu l\u2019aimeras comme toi-m\u00eame, car vous avez \u00e9t\u00e9 \u00e9trangers au pays d\u2019\u00c9gypte \u00bb (L\u00e9vitique 19, 33-34).<\/p>\n\n\n\n<p>Les \u00c9v\u00eaques ha\u00eftiens reconnaissent les efforts des autorit\u00e9s ha\u00eftiennes mais les exhortent \u00e0 am\u00e9liorer les conditions de vie en Ha\u00efti. Ils plaident pour une gouvernance responsable et engag\u00e9e, cr\u00e9ant ainsi des conditions socio-\u00e9conomiques favorables afin que les Ha\u00eftiens puissent vivre en paix et en s\u00e9curit\u00e9 dans leur propre pays, sans ressentir le besoin d\u2019\u00e9migrer.<\/p>\n\n\n\n<p>En invoquant l\u2019intercession de la Vierge Marie, Notre-Dame du Perp\u00e9tuel Secours, pour des solutions \u00e0 cette crise migratoire, les \u00c9v\u00eaques ha\u00eftiens appellent leurs compatriotes \u00e0 se souvenir de l\u2019exode du peuple d\u2019Isra\u00ebl en \u00c9gypte. Ils rappellent que Dieu accompagne toujours son peuple, en tout temps et en tout lieu, selon les paroles du Pape Fran\u00e7ois.<\/p>\n","protected":false},"excerpt":{"rendered":"<p>Port-au-Prince, le 11 octobre 2024 La Conf\u00e9rence des \u00c9v\u00eaques Catholiques d\u2019Ha\u00efti (CEH) a publi\u00e9 une d\u00e9claration ferme et<\/p>\n","protected":false},"author":1,"featured_media":0,"comment_status":"open","ping_status":"open","sticky":false,"template":"","format":"standard","meta":{"_daextrevo_audio_file_creation_date":"","_daextrevo_text_to_speech":"","_daextrevo_document_type":"","_jetpack_memberships_contains_paid_content":false,"footnotes":""},"categories":[1,9,17],"tags":[],"class_list":["post-211","post","type-post","status-publish","format-standard","hentry","category-actualites","category-international","category-religion"],"jetpack_sharing_enabled":true,"jetpack_featured_media_url":"","_links":{"self":[{"href":"https:\/\/radioteleds.com\/index.php\/wp-json\/wp\/v2\/posts\/211"}],"collection":[{"href":"https:\/\/radioteleds.com\/index.php\/wp-json\/wp\/v2\/posts"}],"about":[{"href":"https:\/\/radioteleds.com\/index.php\/wp-json\/wp\/v2\/types\/post"}],"author":[{"embeddable":true,"href":"https:\/\/radioteleds.com\/index.php\/wp-json\/wp\/v2\/users\/1"}],"replies":[{"embeddable":true,"href":"https:\/\/radioteleds.com\/index.php\/wp-json\/wp\/v2\/comments?post=211"}],"version-history":[{"count":2,"href":"https:\/\/radioteleds.com\/index.php\/wp-json\/wp\/v2\/posts\/211\/revisions"}],"predecessor-version":[{"id":218,"href":"https:\/\/radioteleds.com\/index.php\/wp-json\/wp\/v2\/posts\/211\/revisions\/218"}],"wp:attachment":[{"href":"https:\/\/radioteleds.com\/index.php\/wp-json\/wp\/v2\/media?parent=211"}],"wp:term":[{"taxonomy":"category","embeddable":true,"href":"https:\/\/radioteleds.com\/index.php\/wp-json\/wp\/v2\/categories?post=211"},{"taxonomy":"post_tag","embeddable":true,"href":"https:\/\/radioteleds.com\/index.php\/wp-json\/wp\/v2\/tags?post=211"}],"curies":[{"name":"wp","href":"https:\/\/api.w.org\/{rel}","templated":true}]}}