{"id":314,"date":"2024-11-24T14:45:26","date_gmt":"2024-11-24T13:45:26","guid":{"rendered":"https:\/\/radioteleds.com\/?p=314"},"modified":"2024-11-24T14:45:28","modified_gmt":"2024-11-24T13:45:28","slug":"lettre-ouverte-du-fr-gaetan-au-president-francais-emmanuel-macron-suite-a-ses-propos-indignants-sur-haiti","status":"publish","type":"post","link":"https:\/\/radioteleds.com\/index.php\/2024\/11\/24\/lettre-ouverte-du-fr-gaetan-au-president-francais-emmanuel-macron-suite-a-ses-propos-indignants-sur-haiti\/","title":{"rendered":"Lettre ouverte du fr GA\u00cbTAN AU PR\u00c9SIDENT FRAN\u00c7AIS &lsquo;EMMANUEL MACRON SUITE A SES PROPOS INDIGNANTS SUR HA\u00cfTI"},"content":{"rendered":"\n<figure class=\"wp-block-image size-full\"><img data-recalc-dims=\"1\" fetchpriority=\"high\" decoding=\"async\" width=\"640\" height=\"362\" src=\"https:\/\/i0.wp.com\/radioteleds.com\/wp-content\/uploads\/2024\/11\/IMG_5598.jpeg?resize=640%2C362&#038;ssl=1\" alt=\"\" class=\"wp-image-281\" srcset=\"https:\/\/i0.wp.com\/radioteleds.com\/wp-content\/uploads\/2024\/11\/IMG_5598.jpeg?w=885&amp;ssl=1 885w, https:\/\/i0.wp.com\/radioteleds.com\/wp-content\/uploads\/2024\/11\/IMG_5598.jpeg?resize=300%2C169&amp;ssl=1 300w, https:\/\/i0.wp.com\/radioteleds.com\/wp-content\/uploads\/2024\/11\/IMG_5598.jpeg?resize=768%2C434&amp;ssl=1 768w\" sizes=\"(max-width: 640px) 100vw, 640px\" \/><\/figure>\n\n\n\n<p>Pr\u00e9sident Macron,<\/p>\n\n\n\n<p>Vos propos sur Ha\u00efti et les Ha\u00eftiens traduisent une m\u00e9connaissance profonde de notre histoire et de notre r\u00e9alit\u00e9 actuelle. Permettez-moi de vous rappeler quelques v\u00e9rit\u00e9s fondamentales :<\/p>\n\n\n\n<p>Les Vrais Ha\u00eftiens ne sont pas ceux qui se pr\u00eatent aux jeux d&rsquo;influence \u00e9trang\u00e8re, mais bien ceux qui, malgr\u00e9 des si\u00e8cles de domination et de d\u00e9fis, ont su \u00e9crire l&rsquo;histoire glorieuse d&rsquo;une r\u00e9publique ind\u00e9pendante. Nous sommes les descendants des h\u00e9ros de Verti\u00e8res, qui ont d\u00e9fi\u00e9 la puissance de votre empire napol\u00e9onien pour \u00e9tablir la premi\u00e8re nation noire libre au monde. Vos archives en t\u00e9moignent, et ce souvenir devrait imposer \u00e0 votre discours un minimum de respect.<\/p>\n\n\n\n<figure class=\"wp-block-image size-large\"><img data-recalc-dims=\"1\" decoding=\"async\" width=\"640\" height=\"439\" src=\"https:\/\/i0.wp.com\/radioteleds.com\/wp-content\/uploads\/2024\/11\/IMG_5627-1.jpeg?resize=640%2C439&#038;ssl=1\" alt=\"\" class=\"wp-image-310\" srcset=\"https:\/\/i0.wp.com\/radioteleds.com\/wp-content\/uploads\/2024\/11\/IMG_5627-1.jpeg?resize=1024%2C702&amp;ssl=1 1024w, https:\/\/i0.wp.com\/radioteleds.com\/wp-content\/uploads\/2024\/11\/IMG_5627-1.jpeg?resize=300%2C206&amp;ssl=1 300w, https:\/\/i0.wp.com\/radioteleds.com\/wp-content\/uploads\/2024\/11\/IMG_5627-1.jpeg?resize=768%2C526&amp;ssl=1 768w, https:\/\/i0.wp.com\/radioteleds.com\/wp-content\/uploads\/2024\/11\/IMG_5627-1.jpeg?w=1125&amp;ssl=1 1125w\" sizes=\"(max-width: 640px) 100vw, 640px\" \/><figcaption class=\"wp-element-caption\">Screenshot<\/figcaption><\/figure>\n\n\n\n<p>Les souffrances actuelles du peuple ha\u00eftien ne sont pas le fruit de son incapacit\u00e9 ou de son \u00ab\u00a0insuffisance\u00a0\u00bb, mais bien le r\u00e9sultat de d\u00e9cennies d&rsquo;interventions \u00e9trang\u00e8res, d&rsquo;impositions \u00e9conomiques, et de la complaisance envers des \u00e9lites d\u00e9connect\u00e9es et souvent corrompues. Ces derniers, que vous d\u00e9signez peut-\u00eatre comme des \u00ab\u00a0cons\u00a0\u00bb, sont bien souvent des relais de politiques ext\u00e9rieures, d\u00e9tach\u00e9s des aspirations et des besoins du peuple.<\/p>\n\n\n\n<p>Si ces individus n&rsquo;agissent pas dans l&rsquo;int\u00e9r\u00eat d&rsquo;Ha\u00efti, nous partageons une solution simple : qu&rsquo;ils soient renvoy\u00e9s d&rsquo;o\u00f9 ils viennent ou jug\u00e9s pour leurs actes. Les Vrais Ha\u00eftiens n&rsquo;ont jamais eu besoin de b\u00e9quilles \u00e9trang\u00e8res pour b\u00e2tir leur avenir. Ce que nous demandons, c&rsquo;est le respect de notre souverainet\u00e9 et de notre dignit\u00e9, ainsi que la cessation des ing\u00e9rences.<\/p>\n\n\n\n<p>Enfin, monsieur le Pr\u00e9sident, les mots que vous employez pour qualifier une nation enti\u00e8re, meurtrie mais r\u00e9siliente, r\u00e9v\u00e8lent un manque de consid\u00e9ration et d&#8217;empathie indignes d&rsquo;un chef d&rsquo;\u00c9tat. Nous attendons de vous, non pas des insultes, mais des propositions constructives et un dialogue respectueux, si r\u00e9ellement la France pr\u00e9tend \u00eatre un alli\u00e9 sinc\u00e8re.<\/p>\n\n\n\n<p>Les Ha\u00eftiens sont un peuple de fiert\u00e9 et de m\u00e9moire. N&rsquo;oubliez pas que notre r\u00e9sistance est aussi notre h\u00e9ritage.<\/p>\n\n\n\n<p>Respectueusement,<br>Un Ha\u00eftien fid\u00e8le \u00e0 son histoire et \u00e0 son peuple<br>Fr. Ga\u00e9tan<\/p>\n","protected":false},"excerpt":{"rendered":"<p>Pr\u00e9sident Macron, Vos propos sur Ha\u00efti et les Ha\u00eftiens traduisent une m\u00e9connaissance profonde de notre histoire et de<\/p>\n","protected":false},"author":1,"featured_media":0,"comment_status":"open","ping_status":"open","sticky":false,"template":"","format":"standard","meta":{"_daextrevo_audio_file_creation_date":"","_daextrevo_text_to_speech":"","_daextrevo_document_type":"","_jetpack_memberships_contains_paid_content":false,"footnotes":""},"categories":[1,16,9,7],"tags":[],"class_list":["post-314","post","type-post","status-publish","format-standard","hentry","category-actualites","category-diplomatie","category-international","category-politique"],"jetpack_sharing_enabled":true,"jetpack_featured_media_url":"","_links":{"self":[{"href":"https:\/\/radioteleds.com\/index.php\/wp-json\/wp\/v2\/posts\/314"}],"collection":[{"href":"https:\/\/radioteleds.com\/index.php\/wp-json\/wp\/v2\/posts"}],"about":[{"href":"https:\/\/radioteleds.com\/index.php\/wp-json\/wp\/v2\/types\/post"}],"author":[{"embeddable":true,"href":"https:\/\/radioteleds.com\/index.php\/wp-json\/wp\/v2\/users\/1"}],"replies":[{"embeddable":true,"href":"https:\/\/radioteleds.com\/index.php\/wp-json\/wp\/v2\/comments?post=314"}],"version-history":[{"count":1,"href":"https:\/\/radioteleds.com\/index.php\/wp-json\/wp\/v2\/posts\/314\/revisions"}],"predecessor-version":[{"id":315,"href":"https:\/\/radioteleds.com\/index.php\/wp-json\/wp\/v2\/posts\/314\/revisions\/315"}],"wp:attachment":[{"href":"https:\/\/radioteleds.com\/index.php\/wp-json\/wp\/v2\/media?parent=314"}],"wp:term":[{"taxonomy":"category","embeddable":true,"href":"https:\/\/radioteleds.com\/index.php\/wp-json\/wp\/v2\/categories?post=314"},{"taxonomy":"post_tag","embeddable":true,"href":"https:\/\/radioteleds.com\/index.php\/wp-json\/wp\/v2\/tags?post=314"}],"curies":[{"name":"wp","href":"https:\/\/api.w.org\/{rel}","templated":true}]}}