{"id":328,"date":"2024-11-30T02:27:24","date_gmt":"2024-11-30T01:27:24","guid":{"rendered":"https:\/\/radioteleds.com\/?p=328"},"modified":"2024-11-30T02:27:24","modified_gmt":"2024-11-30T01:27:24","slug":"le-ministere-de-la-sante-publique-dhaiti-annonce-la-gratuite-du-permis-dexercer-pour-les-professionnels-de-la-sante","status":"publish","type":"post","link":"https:\/\/radioteleds.com\/index.php\/2024\/11\/30\/le-ministere-de-la-sante-publique-dhaiti-annonce-la-gratuite-du-permis-dexercer-pour-les-professionnels-de-la-sante\/","title":{"rendered":"Le Minist\u00e8re de la Sant\u00e9 Publique d\u2019Ha\u00efti Annonce la Gratuit\u00e9 du Permis d\u2019Exercer pour les Professionnels de la Sant\u00e9"},"content":{"rendered":"\n<figure class=\"wp-block-image size-full\"><img data-recalc-dims=\"1\" fetchpriority=\"high\" decoding=\"async\" width=\"300\" height=\"168\" src=\"https:\/\/i0.wp.com\/radioteleds.com\/wp-content\/uploads\/2024\/11\/IMG_5664.jpeg?resize=300%2C168&#038;ssl=1\" alt=\"\" class=\"wp-image-329\"\/><\/figure>\n\n\n\n<p>Dans une initiative visant \u00e0 soutenir les professionnels de la sant\u00e9, le Minist\u00e8re de la Sant\u00e9 Publique et de la Population de la R\u00e9publique d\u2019Ha\u00efti a annonc\u00e9 aujourd\u2019hui que le permis d\u2019exercer sera d\u00e9sormais d\u00e9livr\u00e9 gratuitement \u00e0 tous les professionnels remplissant les conditions requises. Cette mesure entre en vigueur \u00e0 compter de la date de publication de la pr\u00e9sente circulaire.<\/p>\n\n\n\n<p>Le Bureau du Ministre a pr\u00e9cis\u00e9 que les d\u00e9marches pour l\u2019obtention du permis d\u2019exercer restent inchang\u00e9es. Les professionnels de la sant\u00e9 doivent toujours soumettre un dossier complet r\u00e9pondant aux exigences du Minist\u00e8re, suivi de la v\u00e9rification et validation des qualifications et comp\u00e9tences par les autorit\u00e9s comp\u00e9tentes.<\/p>\n\n\n\n<p>Cette d\u00e9cision marque une \u00e9tape importante dans l\u2019am\u00e9lioration de l\u2019acc\u00e8s aux services de sant\u00e9 et le soutien aux professionnels de la sant\u00e9 dans le pays. En supprimant les frais li\u00e9s \u00e0 l\u2019obtention du permis d\u2019exercer, le Minist\u00e8re esp\u00e8re encourager davantage de professionnels \u00e0 rejoindre le secteur de la sant\u00e9 publique, contribuant ainsi \u00e0 renforcer les capacit\u00e9s du syst\u00e8me de sant\u00e9 ha\u00eftien.<\/p>\n\n\n\n<figure class=\"wp-block-image size-large\"><img data-recalc-dims=\"1\" decoding=\"async\" width=\"640\" height=\"439\" src=\"https:\/\/i0.wp.com\/radioteleds.com\/wp-content\/uploads\/2024\/11\/IMG_5627-1.jpeg?resize=640%2C439&#038;ssl=1\" alt=\"\" class=\"wp-image-310\" srcset=\"https:\/\/i0.wp.com\/radioteleds.com\/wp-content\/uploads\/2024\/11\/IMG_5627-1.jpeg?resize=1024%2C702&amp;ssl=1 1024w, https:\/\/i0.wp.com\/radioteleds.com\/wp-content\/uploads\/2024\/11\/IMG_5627-1.jpeg?resize=300%2C206&amp;ssl=1 300w, https:\/\/i0.wp.com\/radioteleds.com\/wp-content\/uploads\/2024\/11\/IMG_5627-1.jpeg?resize=768%2C526&amp;ssl=1 768w, https:\/\/i0.wp.com\/radioteleds.com\/wp-content\/uploads\/2024\/11\/IMG_5627-1.jpeg?w=1125&amp;ssl=1 1125w\" sizes=\"(max-width: 640px) 100vw, 640px\" \/><figcaption class=\"wp-element-caption\">Screenshot<\/figcaption><\/figure>\n\n\n\n<p>Le Minist\u00e8re invite toutes les parties concern\u00e9es \u00e0 diffuser largement cette information pour garantir que personne ne soit exclu des avantages de cette initiative. Le Bureau du Ministre a exprim\u00e9 sa gratitude envers tous les professionnels de la sant\u00e9 pour leur engagement continu et leur d\u00e9vouement \u00e0 servir la population ha\u00eftienne.<\/p>\n","protected":false},"excerpt":{"rendered":"<p>Dans une initiative visant \u00e0 soutenir les professionnels de la sant\u00e9, le Minist\u00e8re de la Sant\u00e9 Publique et<\/p>\n","protected":false},"author":1,"featured_media":0,"comment_status":"open","ping_status":"open","sticky":false,"template":"","format":"standard","meta":{"_daextrevo_audio_file_creation_date":"","_daextrevo_text_to_speech":"","_daextrevo_document_type":"","_jetpack_memberships_contains_paid_content":false,"footnotes":""},"categories":[1,21],"tags":[],"class_list":["post-328","post","type-post","status-publish","format-standard","hentry","category-actualites","category-sante"],"jetpack_sharing_enabled":true,"jetpack_featured_media_url":"","_links":{"self":[{"href":"https:\/\/radioteleds.com\/index.php\/wp-json\/wp\/v2\/posts\/328"}],"collection":[{"href":"https:\/\/radioteleds.com\/index.php\/wp-json\/wp\/v2\/posts"}],"about":[{"href":"https:\/\/radioteleds.com\/index.php\/wp-json\/wp\/v2\/types\/post"}],"author":[{"embeddable":true,"href":"https:\/\/radioteleds.com\/index.php\/wp-json\/wp\/v2\/users\/1"}],"replies":[{"embeddable":true,"href":"https:\/\/radioteleds.com\/index.php\/wp-json\/wp\/v2\/comments?post=328"}],"version-history":[{"count":1,"href":"https:\/\/radioteleds.com\/index.php\/wp-json\/wp\/v2\/posts\/328\/revisions"}],"predecessor-version":[{"id":330,"href":"https:\/\/radioteleds.com\/index.php\/wp-json\/wp\/v2\/posts\/328\/revisions\/330"}],"wp:attachment":[{"href":"https:\/\/radioteleds.com\/index.php\/wp-json\/wp\/v2\/media?parent=328"}],"wp:term":[{"taxonomy":"category","embeddable":true,"href":"https:\/\/radioteleds.com\/index.php\/wp-json\/wp\/v2\/categories?post=328"},{"taxonomy":"post_tag","embeddable":true,"href":"https:\/\/radioteleds.com\/index.php\/wp-json\/wp\/v2\/tags?post=328"}],"curies":[{"name":"wp","href":"https:\/\/api.w.org\/{rel}","templated":true}]}}