{"id":331,"date":"2024-12-04T19:59:23","date_gmt":"2024-12-04T18:59:23","guid":{"rendered":"https:\/\/radioteleds.com\/?p=331"},"modified":"2024-12-04T19:59:24","modified_gmt":"2024-12-04T18:59:24","slug":"la-cassave-haitienne-reconnue-au-patrimoine-culturel-immateriel-de-lhumanite","status":"publish","type":"post","link":"https:\/\/radioteleds.com\/index.php\/2024\/12\/04\/la-cassave-haitienne-reconnue-au-patrimoine-culturel-immateriel-de-lhumanite\/","title":{"rendered":"La Cassave Ha\u00eftienne Reconnue au Patrimoine Culturel Immat\u00e9riel de l\u2019Humanit\u00e9"},"content":{"rendered":"\n<figure class=\"wp-block-image size-full\"><img data-recalc-dims=\"1\" fetchpriority=\"high\" decoding=\"async\" width=\"640\" height=\"480\" src=\"https:\/\/i0.wp.com\/radioteleds.com\/wp-content\/uploads\/2024\/12\/IMG_5705.jpeg?resize=640%2C480&#038;ssl=1\" alt=\"\" class=\"wp-image-332\" srcset=\"https:\/\/i0.wp.com\/radioteleds.com\/wp-content\/uploads\/2024\/12\/IMG_5705.jpeg?w=750&amp;ssl=1 750w, https:\/\/i0.wp.com\/radioteleds.com\/wp-content\/uploads\/2024\/12\/IMG_5705.jpeg?resize=300%2C225&amp;ssl=1 300w\" sizes=\"(max-width: 640px) 100vw, 640px\" \/><\/figure>\n\n\n\n<p>Port-au-Prince, le 4 d\u00e9cembre 2024<\/p>\n\n\n\n<p>Le Minist\u00e8re de la Culture et de la Communication (MCC) a fi\u00e8rement annonc\u00e9 aujourd\u2019hui que le savoir-faire et les pratiques traditionnelles li\u00e9s \u00e0 la production et \u00e0 la consommation de la cassave ont \u00e9t\u00e9 officiellement inscrits sur la Liste Repr\u00e9sentative du Patrimoine Culturel Immat\u00e9riel de l\u2019Humanit\u00e9. Cette reconnaissance a \u00e9t\u00e9 obtenue le mercredi 4 d\u00e9cembre 2024, lors de la 19e session du Comit\u00e9 Intergouvernemental de Sauvegarde du Patrimoine Culturel Immat\u00e9riel tenue \u00e0 Asunci\u00f3n, en R\u00e9publique du Paraguay.<\/p>\n\n\n\n<figure class=\"wp-block-image size-large\"><img data-recalc-dims=\"1\" decoding=\"async\" width=\"640\" height=\"439\" src=\"https:\/\/i0.wp.com\/radioteleds.com\/wp-content\/uploads\/2024\/11\/IMG_5627-1.jpeg?resize=640%2C439&#038;ssl=1\" alt=\"\" class=\"wp-image-310\" srcset=\"https:\/\/i0.wp.com\/radioteleds.com\/wp-content\/uploads\/2024\/11\/IMG_5627-1.jpeg?resize=1024%2C702&amp;ssl=1 1024w, https:\/\/i0.wp.com\/radioteleds.com\/wp-content\/uploads\/2024\/11\/IMG_5627-1.jpeg?resize=300%2C206&amp;ssl=1 300w, https:\/\/i0.wp.com\/radioteleds.com\/wp-content\/uploads\/2024\/11\/IMG_5627-1.jpeg?resize=768%2C526&amp;ssl=1 768w, https:\/\/i0.wp.com\/radioteleds.com\/wp-content\/uploads\/2024\/11\/IMG_5627-1.jpeg?w=1125&amp;ssl=1 1125w\" sizes=\"(max-width: 640px) 100vw, 640px\" \/><figcaption class=\"wp-element-caption\">Screenshot<\/figcaption><\/figure>\n\n\n\n<p>Cette inscription est le r\u00e9sultat d\u2019une coop\u00e9ration internationale entre Cuba, le Honduras, la R\u00e9publique Dominicaine, la R\u00e9publique Bolivarienne du Venezuela et Ha\u00efti. La cassave, galette fabriqu\u00e9e \u00e0 partir du manioc, est un aliment de base riche en hydrates de carbone et en fibres, appr\u00e9ci\u00e9e pour sa diversit\u00e9 en termes de texture et de go\u00fbt. Elle peut \u00eatre fabriqu\u00e9e \u00e0 partir de vari\u00e9t\u00e9s de manioc am\u00e8res ou douces, et se consomme seule ou int\u00e9gr\u00e9e aux repas.<\/p>\n\n\n\n<p>La production et la consommation de la cassave ne sont pas seulement des \u00e9l\u00e9ments de l\u2019identit\u00e9 nationale ha\u00eftienne, mais elles jouent \u00e9galement un r\u00f4le crucial dans l\u2019\u00e9conomie locale en soutenant les communaut\u00e9s rurales. Le MCC souligne que cette reconnaissance est le fruit d\u2019un travail collectif initi\u00e9 par la Direction du Patrimoine Culturel et en collaboration avec divers partenaires tels que l\u2019Universit\u00e9 d\u2019\u00c9tat d\u2019Ha\u00efti, la Commission Nationale Ha\u00eftienne de Coop\u00e9ration avec l\u2019UNESCO et les producteurs de cassave de diff\u00e9rentes r\u00e9gions du pays.<\/p>\n\n\n\n<figure class=\"wp-block-image size-full\"><img data-recalc-dims=\"1\" decoding=\"async\" width=\"640\" height=\"378\" src=\"https:\/\/i0.wp.com\/radioteleds.com\/wp-content\/uploads\/2024\/12\/IMG_5704.jpeg?resize=640%2C378&#038;ssl=1\" alt=\"\" class=\"wp-image-333\" srcset=\"https:\/\/i0.wp.com\/radioteleds.com\/wp-content\/uploads\/2024\/12\/IMG_5704.jpeg?w=762&amp;ssl=1 762w, https:\/\/i0.wp.com\/radioteleds.com\/wp-content\/uploads\/2024\/12\/IMG_5704.jpeg?resize=300%2C177&amp;ssl=1 300w\" sizes=\"(max-width: 640px) 100vw, 640px\" \/><\/figure>\n\n\n\n<p>Le Minist\u00e8re de la Culture et de la Communication a \u00e9galement mis en lumi\u00e8re la collaboration essentielle avec le Minist\u00e8re des Affaires \u00c9trang\u00e8res et la D\u00e9l\u00e9gation Permanente d\u2019Ha\u00efti aupr\u00e8s de l\u2019UNESCO, qui ont assur\u00e9 les d\u00e9marches n\u00e9cessaires pour que cette inscription soit possible. En cette ann\u00e9e d\u00e9di\u00e9e \u00e0 la m\u00e9moire et au renforcement de la conscience patrimoniale et historique, cette reconnaissance internationale renforce l\u2019attachement des Ha\u00eftiens \u00e0 leur identit\u00e9 culturelle.<\/p>\n\n\n\n<p>Cette inscription apporte une nouvelle raison d\u2019esp\u00e9rer et de continuer \u00e0 travailler pour la s\u00e9curit\u00e9 et le d\u00e9veloppement \u00e9conomique du pays. Le MCC r\u00e9affirme son engagement \u00e0 valoriser le patrimoine culturel immat\u00e9riel ha\u00eftien et \u00e0 renforcer l\u2019identit\u00e9 nationale, tout en promouvant le tourisme culturel et m\u00e9moriel.<\/p>\n\n\n\n<p>Le Ministre de la Culture et de la Communication, Patrick Delatour, a exprim\u00e9 sa gratitude envers tous ceux qui ont contribu\u00e9 \u00e0 cette r\u00e9ussite et a soulign\u00e9 l\u2019importance de continuer \u00e0 pr\u00e9server et \u00e0 valoriser les richesses culturelles d\u2019Ha\u00efti sur la sc\u00e8ne internationale.<\/p>\n","protected":false},"excerpt":{"rendered":"<p>Port-au-Prince, le 4 d\u00e9cembre 2024 Le Minist\u00e8re de la Culture et de la Communication (MCC) a fi\u00e8rement annonc\u00e9<\/p>\n","protected":false},"author":1,"featured_media":0,"comment_status":"open","ping_status":"open","sticky":false,"template":"","format":"standard","meta":{"_daextrevo_audio_file_creation_date":"","_daextrevo_text_to_speech":"","_daextrevo_document_type":"","_jetpack_memberships_contains_paid_content":false,"footnotes":""},"categories":[1,8,16,22],"tags":[],"class_list":["post-331","post","type-post","status-publish","format-standard","hentry","category-actualites","category-culture","category-diplomatie","category-produit-local"],"jetpack_sharing_enabled":true,"jetpack_featured_media_url":"","_links":{"self":[{"href":"https:\/\/radioteleds.com\/index.php\/wp-json\/wp\/v2\/posts\/331"}],"collection":[{"href":"https:\/\/radioteleds.com\/index.php\/wp-json\/wp\/v2\/posts"}],"about":[{"href":"https:\/\/radioteleds.com\/index.php\/wp-json\/wp\/v2\/types\/post"}],"author":[{"embeddable":true,"href":"https:\/\/radioteleds.com\/index.php\/wp-json\/wp\/v2\/users\/1"}],"replies":[{"embeddable":true,"href":"https:\/\/radioteleds.com\/index.php\/wp-json\/wp\/v2\/comments?post=331"}],"version-history":[{"count":1,"href":"https:\/\/radioteleds.com\/index.php\/wp-json\/wp\/v2\/posts\/331\/revisions"}],"predecessor-version":[{"id":334,"href":"https:\/\/radioteleds.com\/index.php\/wp-json\/wp\/v2\/posts\/331\/revisions\/334"}],"wp:attachment":[{"href":"https:\/\/radioteleds.com\/index.php\/wp-json\/wp\/v2\/media?parent=331"}],"wp:term":[{"taxonomy":"category","embeddable":true,"href":"https:\/\/radioteleds.com\/index.php\/wp-json\/wp\/v2\/categories?post=331"},{"taxonomy":"post_tag","embeddable":true,"href":"https:\/\/radioteleds.com\/index.php\/wp-json\/wp\/v2\/tags?post=331"}],"curies":[{"name":"wp","href":"https:\/\/api.w.org\/{rel}","templated":true}]}}