{"id":356,"date":"2024-12-08T13:46:39","date_gmt":"2024-12-08T12:46:39","guid":{"rendered":"https:\/\/radioteleds.com\/?p=356"},"modified":"2024-12-08T13:46:41","modified_gmt":"2024-12-08T12:46:41","slug":"ceremonie-de-remise-des-certificats-a-lecole-de-la-magistrature-59-nouveaux-juges-de-paix-et-35-parquetiers-integrent-le-systeme-judiciaire-haitien","status":"publish","type":"post","link":"https:\/\/radioteleds.com\/index.php\/2024\/12\/08\/ceremonie-de-remise-des-certificats-a-lecole-de-la-magistrature-59-nouveaux-juges-de-paix-et-35-parquetiers-integrent-le-systeme-judiciaire-haitien\/","title":{"rendered":"C\u00e9r\u00e9monie de remise des certificats \u00e0 l\u2019\u00c9cole de la Magistrature : 59 nouveaux juges de paix et 35 parquetiers int\u00e8grent le syst\u00e8me judiciaire ha\u00eftien"},"content":{"rendered":"\n<figure class=\"wp-block-image size-full\"><img data-recalc-dims=\"1\" fetchpriority=\"high\" decoding=\"async\" width=\"225\" height=\"225\" src=\"https:\/\/i0.wp.com\/radioteleds.com\/wp-content\/uploads\/2024\/12\/IMG_5738.png?resize=225%2C225&#038;ssl=1\" alt=\"\" class=\"wp-image-357\" srcset=\"https:\/\/i0.wp.com\/radioteleds.com\/wp-content\/uploads\/2024\/12\/IMG_5738.png?w=225&amp;ssl=1 225w, https:\/\/i0.wp.com\/radioteleds.com\/wp-content\/uploads\/2024\/12\/IMG_5738.png?resize=150%2C150&amp;ssl=1 150w\" sizes=\"(max-width: 225px) 100vw, 225px\" \/><\/figure>\n\n\n\n<p>P\u00e9tion-Ville, samedi 7 d\u00e9cembre 2024 \u2013 Cinquante-neuf (59) nouveaux juges de paix et trente-cinq (35) parquetiers, r\u00e9cemment form\u00e9s \u00e0 l\u2019\u00c9cole de la Magistrature (EMA), sont d\u00e9sormais pr\u00eats \u00e0 int\u00e9grer le syst\u00e8me judiciaire ha\u00eftien. Ces professionnels ont re\u00e7u leurs certificats de fin de formation lors d\u2019une c\u00e9r\u00e9monie officielle organis\u00e9e le vendredi 6 d\u00e9cembre 2024, \u00e0 la Salle Rock Cadet de l\u2019EMA.<\/p>\n\n\n\n<p>Une formation hybride r\u00e9ussie<\/p>\n\n\n\n<p>La formation, qui s\u2019est d\u00e9roul\u00e9e sur environ six mois en mode hybride (pr\u00e9sentiel et en ligne), a permis \u00e0 ces acteurs judiciaires de se pr\u00e9parer aux d\u00e9fis du m\u00e9tier. Parmi les nouveaux magistrats de paix figurent huit femmes, et une femme se trouve \u00e9galement parmi les parquetiers certifi\u00e9s.<\/p>\n\n\n\n<p>Une c\u00e9r\u00e9monie solennelle<\/p>\n\n\n\n<p>La remise des certificats s\u2019est d\u00e9roul\u00e9e en pr\u00e9sence de personnalit\u00e9s influentes, telles que le Directeur g\u00e9n\u00e9ral a.i de l\u2019\u00c9cole de la Magistrature, deux membres du Conseil Sup\u00e9rieur du Pouvoir Judiciaire (CSPJ) Wando Saint-Villier et \u00c9rode Bazile, ainsi que Me Jean Nesly \u00c9lie, Directeur des Affaires judiciaires au minist\u00e8re de la Justice. Sylvain Merlen, repr\u00e9sentant du Programme des Nations Unies pour le D\u00e9veloppement (PNUD), participait \u00e9galement \u00e0 cette c\u00e9r\u00e9monie.<\/p>\n\n\n\n<p>Dans son discours, le Directeur de l\u2019EMA, Kesner Michel Thermezi, a soulign\u00e9 la r\u00e9silience des formateurs et des magistrats, qui ont brav\u00e9 un contexte s\u00e9curitaire difficile pour mener \u00e0 bien cette formation. Il a exhort\u00e9 les nouveaux acteurs du syst\u00e8me judiciaire \u00e0 faire preuve de probit\u00e9 et d\u2019int\u00e9grit\u00e9 dans l\u2019exercice de leurs fonctions.<\/p>\n\n\n\n<p>Engagements envers une justice forte<\/p>\n\n\n\n<p>Sylvain Merlen, repr\u00e9sentant du PNUD, a appel\u00e9 les certifi\u00e9s \u00e0 jouer un r\u00f4le crucial dans la lutte contre les crimes organis\u00e9s, la corruption et les violences bas\u00e9es sur le genre, des fl\u00e9aux qui minent la soci\u00e9t\u00e9 ha\u00eftienne.<\/p>\n\n\n\n<p>Repr\u00e9sentant leurs coll\u00e8gues, la juge Eunice F\u00e9n\u00e9lus et l\u2019officier du parquet Menson Henry ont, pour leur part, promis de travailler de mani\u00e8re ind\u00e9pendante et de contribuer activement au renforcement du syst\u00e8me judiciaire du pays.<\/p>\n\n\n\n<p>Une r\u00e9partition nationale<\/p>\n\n\n\n<p>Les 59 juges de paix proviennent du Grand Nord et du Grand Sud, tandis que les 35 nouveaux parquetiers sont issus de divers d\u00e9partements du pays. Ces renforts devraient contribuer \u00e0 am\u00e9liorer l\u2019efficacit\u00e9 et la qualit\u00e9 du syst\u00e8me judiciaire ha\u00eftien, souvent critiqu\u00e9 pour ses failles et ses lenteurs.<\/p>\n\n\n\n<p><\/p>\n","protected":false},"excerpt":{"rendered":"<p>P\u00e9tion-Ville, samedi 7 d\u00e9cembre 2024 \u2013 Cinquante-neuf (59) nouveaux juges de paix et trente-cinq (35) parquetiers, r\u00e9cemment form\u00e9s<\/p>\n","protected":false},"author":1,"featured_media":0,"comment_status":"open","ping_status":"open","sticky":false,"template":"","format":"standard","meta":{"_daextrevo_audio_file_creation_date":"","_daextrevo_text_to_speech":"","_daextrevo_document_type":"","_jetpack_memberships_contains_paid_content":false,"footnotes":""},"categories":[1,11,24],"tags":[],"class_list":["post-356","post","type-post","status-publish","format-standard","hentry","category-actualites","category-education","category-justice"],"jetpack_sharing_enabled":true,"jetpack_featured_media_url":"","_links":{"self":[{"href":"https:\/\/radioteleds.com\/index.php\/wp-json\/wp\/v2\/posts\/356"}],"collection":[{"href":"https:\/\/radioteleds.com\/index.php\/wp-json\/wp\/v2\/posts"}],"about":[{"href":"https:\/\/radioteleds.com\/index.php\/wp-json\/wp\/v2\/types\/post"}],"author":[{"embeddable":true,"href":"https:\/\/radioteleds.com\/index.php\/wp-json\/wp\/v2\/users\/1"}],"replies":[{"embeddable":true,"href":"https:\/\/radioteleds.com\/index.php\/wp-json\/wp\/v2\/comments?post=356"}],"version-history":[{"count":1,"href":"https:\/\/radioteleds.com\/index.php\/wp-json\/wp\/v2\/posts\/356\/revisions"}],"predecessor-version":[{"id":358,"href":"https:\/\/radioteleds.com\/index.php\/wp-json\/wp\/v2\/posts\/356\/revisions\/358"}],"wp:attachment":[{"href":"https:\/\/radioteleds.com\/index.php\/wp-json\/wp\/v2\/media?parent=356"}],"wp:term":[{"taxonomy":"category","embeddable":true,"href":"https:\/\/radioteleds.com\/index.php\/wp-json\/wp\/v2\/categories?post=356"},{"taxonomy":"post_tag","embeddable":true,"href":"https:\/\/radioteleds.com\/index.php\/wp-json\/wp\/v2\/tags?post=356"}],"curies":[{"name":"wp","href":"https:\/\/api.w.org\/{rel}","templated":true}]}}