{"id":362,"date":"2024-12-13T22:57:14","date_gmt":"2024-12-13T21:57:14","guid":{"rendered":"https:\/\/radioteleds.com\/?p=362"},"modified":"2024-12-13T22:57:17","modified_gmt":"2024-12-13T21:57:17","slug":"arrestation-du-pasteur-dieune-day-pour-trafic-darmes-et-de-munitions","status":"publish","type":"post","link":"https:\/\/radioteleds.com\/index.php\/2024\/12\/13\/arrestation-du-pasteur-dieune-day-pour-trafic-darmes-et-de-munitions\/","title":{"rendered":"Arrestation du Pasteur Dieune Day pour Trafic d\u2019Armes et de Munitions"},"content":{"rendered":"\n<figure class=\"wp-block-image size-full\"><img data-recalc-dims=\"1\" fetchpriority=\"high\" decoding=\"async\" width=\"275\" height=\"183\" src=\"https:\/\/i0.wp.com\/radioteleds.com\/wp-content\/uploads\/2024\/12\/IMG_5812.jpeg?resize=275%2C183&#038;ssl=1\" alt=\"\" class=\"wp-image-363\"\/><\/figure>\n\n\n\n<p>Le Pasteur Dieune Day, activement recherch\u00e9 par la Police Nationale d\u2019Ha\u00efti (PNH) pour son implication pr\u00e9sum\u00e9e dans le dossier de cargaison d\u2019armes et de munitions de l\u2019\u00c9glise \u00c9piscopale d\u2019Ha\u00efti, a \u00e9t\u00e9 arr\u00eat\u00e9 en R\u00e9publique Dominicaine le 12 d\u00e9cembre 2024. Les autorit\u00e9s dominicaines ont proc\u00e9d\u00e9 \u00e0 son extradition vers Ha\u00efti, o\u00f9 il est maintenant en garde \u00e0 vue pour les suites judiciaires.<\/p>\n\n\n\n<p>Le pasteur Dieune Day faisait l\u2019objet d\u2019un avis de recherche \u00e9mis par la Direction Centrale de la Police Judiciaire (DCPJ) pour une s\u00e9rie de d\u00e9lits incluant \u00e9vasion fiscale, contrebande, abus de confiance, association de malfaiteurs, entre autres. Le 14 juillet 2022, la cargaison d\u2019armes et de munitions en provenance de l\u2019\u00c9glise \u00c9piscopale d\u2019Ha\u00efti avait d\u00e9clench\u00e9 une vaste enqu\u00eate, au c\u0153ur de laquelle se trouvait le pasteur.<\/p>\n\n\n\n<p>Le juge Martel Jean Claude avait d\u00e9j\u00e0 renvoy\u00e9 Dieune Day devant le tribunal criminel pour son implication dans ce dossier, renfor\u00e7ant ainsi la n\u00e9cessit\u00e9 de son arrestation. Cette capture marque une \u00e9tape significative dans la lutte contre le trafic d\u2019armes et de munitions en Ha\u00efti, soulignant la coop\u00e9ration entre les autorit\u00e9s ha\u00eftiennes et dominicaines.<\/p>\n","protected":false},"excerpt":{"rendered":"<p>Le Pasteur Dieune Day, activement recherch\u00e9 par la Police Nationale d\u2019Ha\u00efti (PNH) pour son implication pr\u00e9sum\u00e9e dans le<\/p>\n","protected":false},"author":1,"featured_media":0,"comment_status":"open","ping_status":"open","sticky":false,"template":"","format":"standard","meta":{"_daextrevo_audio_file_creation_date":"","_daextrevo_text_to_speech":"","_daextrevo_document_type":"","_jetpack_memberships_contains_paid_content":false,"footnotes":""},"categories":[1,8,19,24,17],"tags":[],"class_list":["post-362","post","type-post","status-publish","format-standard","hentry","category-actualites","category-culture","category-insecurite","category-justice","category-religion"],"jetpack_sharing_enabled":true,"jetpack_featured_media_url":"","_links":{"self":[{"href":"https:\/\/radioteleds.com\/index.php\/wp-json\/wp\/v2\/posts\/362"}],"collection":[{"href":"https:\/\/radioteleds.com\/index.php\/wp-json\/wp\/v2\/posts"}],"about":[{"href":"https:\/\/radioteleds.com\/index.php\/wp-json\/wp\/v2\/types\/post"}],"author":[{"embeddable":true,"href":"https:\/\/radioteleds.com\/index.php\/wp-json\/wp\/v2\/users\/1"}],"replies":[{"embeddable":true,"href":"https:\/\/radioteleds.com\/index.php\/wp-json\/wp\/v2\/comments?post=362"}],"version-history":[{"count":1,"href":"https:\/\/radioteleds.com\/index.php\/wp-json\/wp\/v2\/posts\/362\/revisions"}],"predecessor-version":[{"id":364,"href":"https:\/\/radioteleds.com\/index.php\/wp-json\/wp\/v2\/posts\/362\/revisions\/364"}],"wp:attachment":[{"href":"https:\/\/radioteleds.com\/index.php\/wp-json\/wp\/v2\/media?parent=362"}],"wp:term":[{"taxonomy":"category","embeddable":true,"href":"https:\/\/radioteleds.com\/index.php\/wp-json\/wp\/v2\/categories?post=362"},{"taxonomy":"post_tag","embeddable":true,"href":"https:\/\/radioteleds.com\/index.php\/wp-json\/wp\/v2\/tags?post=362"}],"curies":[{"name":"wp","href":"https:\/\/api.w.org\/{rel}","templated":true}]}}