{"id":382,"date":"2025-01-03T22:50:27","date_gmt":"2025-01-03T21:50:27","guid":{"rendered":"https:\/\/radioteleds.com\/?p=382"},"modified":"2025-01-03T22:50:31","modified_gmt":"2025-01-03T21:50:31","slug":"le-gtc-recommande-une-assemblee-constituante-pour-renforcer-le-processus-de-revision-constitutionnelle","status":"publish","type":"post","link":"https:\/\/radioteleds.com\/index.php\/2025\/01\/03\/le-gtc-recommande-une-assemblee-constituante-pour-renforcer-le-processus-de-revision-constitutionnelle\/","title":{"rendered":"Le GTC recommande une Assembl\u00e9e Constituante pour renforcer le processus de r\u00e9vision constitutionnelle"},"content":{"rendered":"\n<figure class=\"wp-block-image size-full\"><img data-recalc-dims=\"1\" fetchpriority=\"high\" decoding=\"async\" width=\"640\" height=\"342\" src=\"https:\/\/i0.wp.com\/radioteleds.com\/wp-content\/uploads\/2025\/01\/IMG_6055.jpeg?resize=640%2C342&#038;ssl=1\" alt=\"\" class=\"wp-image-383\" srcset=\"https:\/\/i0.wp.com\/radioteleds.com\/wp-content\/uploads\/2025\/01\/IMG_6055.jpeg?w=696&amp;ssl=1 696w, https:\/\/i0.wp.com\/radioteleds.com\/wp-content\/uploads\/2025\/01\/IMG_6055.jpeg?resize=300%2C160&amp;ssl=1 300w\" sizes=\"(max-width: 640px) 100vw, 640px\" \/><\/figure>\n\n\n\n<p>Port-au-Prince, le 3 janvier 2025<\/p>\n\n\n\n<p>Apr\u00e8s trois mois de travail intensif, le Groupe de Travail sur la Constitution (GTC) a pr\u00e9sent\u00e9 son rapport final, d\u00e9taillant les propositions recueillies aupr\u00e8s des secteurs organis\u00e9s de la vie nationale et des partis politiques sur le projet de r\u00e9vision constitutionnelle. Le rapport a \u00e9t\u00e9 remis au Secr\u00e9taire Ex\u00e9cutif de la Conf\u00e9rence Nationale, Dr. Louis Naud Pierre, conform\u00e9ment au d\u00e9cret du 17 juillet 2024 qui encadre cette initiative.<\/p>\n\n\n\n<p>Dans ce document, le GTC recommande fortement la cr\u00e9ation d\u2019une Assembl\u00e9e Constituante pour d\u00e9lib\u00e9rer sur un nouveau texte constitutionnel avant son adoption par r\u00e9f\u00e9rendum. Cette d\u00e9marche, selon le groupe, renforcerait la l\u00e9gitimit\u00e9, la transparence et le caract\u00e8re d\u00e9mocratique du processus.<\/p>\n\n\n\n<p>Un contexte difficile et des d\u00e9fis multiples<\/p>\n\n\n\n<p>Le GTC n\u2019a pas \u00e9t\u00e9 \u00e9pargn\u00e9 par les d\u00e9fis pos\u00e9s par la crise multidimensionnelle que traverse le pays. La fermeture de l\u2019a\u00e9roport de Port-au-Prince, l\u2019ins\u00e9curit\u00e9 g\u00e9n\u00e9ralis\u00e9e et les luttes politiques ont entrav\u00e9 les consultations pr\u00e9vues dans les provinces et aupr\u00e8s de la diaspora.<\/p>\n\n\n\n<p>Malgr\u00e9 ces obstacles, le GTC a r\u00e9ussi \u00e0 recueillir des contributions pr\u00e9cieuses de plusieurs secteurs organis\u00e9s de la soci\u00e9t\u00e9. Toutefois, il souligne que plus de la moiti\u00e9 des acteurs consult\u00e9s estiment que la s\u00e9curit\u00e9 devrait rester la priorit\u00e9 nationale, rel\u00e9guant la r\u00e9vision constitutionnelle au second plan.<\/p>\n\n\n\n<p>Propositions du GTC pour avancer<\/p>\n\n\n\n<p>Le rapport final inclut plusieurs recommandations cl\u00e9s pour poursuivre le processus :<br>1. Tenue des assises d\u00e9partementales : Pour permettre aux r\u00e9gions recul\u00e9es de participer pleinement \u00e0 l\u2019\u00e9laboration de la nouvelle Constitution.<br>2. Cr\u00e9ation d\u2019une Assembl\u00e9e Constituante : Une demande exprim\u00e9e par la majorit\u00e9 des acteurs consult\u00e9s, afin d\u2019assurer des d\u00e9lib\u00e9rations inclusives avant tout vote r\u00e9f\u00e9rendaire.<br>3. R\u00e9solution de la crise politique : Le GTC appelle les acteurs \u00e0 renouer le dialogue pour trouver un consensus autour de la r\u00e9vision constitutionnelle et \u00e9tablir un calendrier \u00e9lectoral r\u00e9aliste.<\/p>\n\n\n\n<p>Un appel au dialogue et \u00e0 la transparence<\/p>\n\n\n\n<p>Pour garantir la transparence, le GTC a publi\u00e9 un document contenant les propositions re\u00e7ues, ainsi que les proc\u00e8s-verbaux des rencontres. Certaines entit\u00e9s, ayant demand\u00e9 plus de temps pour soumettre leurs recommandations, verront leurs contributions ajout\u00e9es \u00e0 une \u00e9tape ult\u00e9rieure.<\/p>\n\n\n\n<p>En conclusion, le GTC souligne que, bien que ce rapport constitue une avanc\u00e9e significative, il ne s\u2019agit que d\u2019une premi\u00e8re \u00e9tape. La mise en \u0153uvre des recommandations et la r\u00e9solution de la crise politique sont essentielles pour assurer le succ\u00e8s de la r\u00e9vision constitutionnelle.<\/p>\n\n\n\n<p>Le GTC invite toutes les parties prenantes \u00e0 renouer le dialogue pour construire un consensus durable et relever les grands d\u00e9fis de la transition d\u00e9mocratique.<\/p>\n","protected":false},"excerpt":{"rendered":"<p>Port-au-Prince, le 3 janvier 2025 Apr\u00e8s trois mois de travail intensif, le Groupe de Travail sur la Constitution<\/p>\n","protected":false},"author":1,"featured_media":0,"comment_status":"open","ping_status":"open","sticky":false,"template":"","format":"standard","meta":{"_daextrevo_audio_file_creation_date":"","_daextrevo_text_to_speech":"","_daextrevo_document_type":"","_jetpack_memberships_contains_paid_content":false,"footnotes":""},"categories":[1,18,7],"tags":[],"class_list":["post-382","post","type-post","status-publish","format-standard","hentry","category-actualites","category-election","category-politique"],"jetpack_sharing_enabled":true,"jetpack_featured_media_url":"","_links":{"self":[{"href":"https:\/\/radioteleds.com\/index.php\/wp-json\/wp\/v2\/posts\/382"}],"collection":[{"href":"https:\/\/radioteleds.com\/index.php\/wp-json\/wp\/v2\/posts"}],"about":[{"href":"https:\/\/radioteleds.com\/index.php\/wp-json\/wp\/v2\/types\/post"}],"author":[{"embeddable":true,"href":"https:\/\/radioteleds.com\/index.php\/wp-json\/wp\/v2\/users\/1"}],"replies":[{"embeddable":true,"href":"https:\/\/radioteleds.com\/index.php\/wp-json\/wp\/v2\/comments?post=382"}],"version-history":[{"count":1,"href":"https:\/\/radioteleds.com\/index.php\/wp-json\/wp\/v2\/posts\/382\/revisions"}],"predecessor-version":[{"id":384,"href":"https:\/\/radioteleds.com\/index.php\/wp-json\/wp\/v2\/posts\/382\/revisions\/384"}],"wp:attachment":[{"href":"https:\/\/radioteleds.com\/index.php\/wp-json\/wp\/v2\/media?parent=382"}],"wp:term":[{"taxonomy":"category","embeddable":true,"href":"https:\/\/radioteleds.com\/index.php\/wp-json\/wp\/v2\/categories?post=382"},{"taxonomy":"post_tag","embeddable":true,"href":"https:\/\/radioteleds.com\/index.php\/wp-json\/wp\/v2\/tags?post=382"}],"curies":[{"name":"wp","href":"https:\/\/api.w.org\/{rel}","templated":true}]}}