{"id":386,"date":"2025-01-03T22:54:44","date_gmt":"2025-01-03T21:54:44","guid":{"rendered":"https:\/\/radioteleds.com\/?p=386"},"modified":"2025-01-03T22:54:46","modified_gmt":"2025-01-03T21:54:46","slug":"renforts-latino-americains-en-haiti-une-reponse-internationale-face-a-lemprise-des-gangs","status":"publish","type":"post","link":"https:\/\/radioteleds.com\/index.php\/2025\/01\/03\/renforts-latino-americains-en-haiti-une-reponse-internationale-face-a-lemprise-des-gangs\/","title":{"rendered":"Renforts latino-am\u00e9ricains en Ha\u00efti : une r\u00e9ponse internationale face \u00e0 l\u2019emprise des gangs"},"content":{"rendered":"\n<p><\/p>\n\n\n\n<p>Port-au-Prince, 3 janvier 2025<\/p>\n\n\n\n<p>Un nouveau chapitre dans la lutte contre l\u2019ins\u00e9curit\u00e9 en Ha\u00efti s\u2019ouvre avec l\u2019arriv\u00e9e, ce vendredi, des premiers contingents de soldats et de policiers d\u2019Am\u00e9rique latine. Ces renforts, compos\u00e9s de 83 membres des forces de s\u00e9curit\u00e9, marquent une \u00e9tape importante pour la mission internationale dirig\u00e9e par le Kenya, visant \u00e0 soutenir le pays dans sa lutte contre les gangs arm\u00e9s qui terrorisent la population.<\/p>\n\n\n\n<p>Ce premier groupe comprend une \u00e9quipe avanc\u00e9e de huit soldats salvadoriens et 75 des 150 policiers militaires guat\u00e9malt\u00e8ques attendus. Les Salvadoriens, sp\u00e9cialis\u00e9s dans les \u00e9vacuations m\u00e9dicales et de bless\u00e9s, appuieront la mission multinationale, tandis que les Guat\u00e9malt\u00e8ques participeront activement aux op\u00e9rations de d\u00e9mant\u00e8lement des r\u00e9seaux de gangs.<\/p>\n\n\n\n<p>Une arriv\u00e9e symbolique et strat\u00e9gique<\/p>\n\n\n\n<p>Les contingents ont \u00e9t\u00e9 accueillis \u00e0 l\u2019a\u00e9roport international Toussaint Louverture par des repr\u00e9sentants ha\u00eftiens de haut niveau, notamment Leslie Voltaire, pr\u00e9sident du Conseil de transition pr\u00e9sidentiel, le Premier ministre Alix Didier Fils-Aim\u00e9, et le directeur g\u00e9n\u00e9ral de la Police nationale, Rameau Normil. Des partenaires internationaux, tels que l\u2019ambassadeur des \u00c9tats-Unis Dennis Hankins, le commandant de la force Godfrey Otunge, et son adjoint, le colonel Kevron Henry de la Force de d\u00e9fense jama\u00efcaine, \u00e9taient \u00e9galement pr\u00e9sents.<\/p>\n\n\n\n<p>Dans une d\u00e9claration encourageante, le commandant Otunge a assur\u00e9 aux nouveaux arrivants qu\u2019ils rejoignaient \u00ab une famille qui les accueille \u00bb, soulignant l\u2019importance de leur mission dans le contexte critique actuel d\u2019Ha\u00efti.<\/p>\n\n\n\n<p>Un soutien logistique majeur<\/p>\n\n\n\n<p>En pr\u00e9paration de cette op\u00e9ration, l\u2019administration Biden a intensifi\u00e9 son soutien logistique en envoyant au moins 22 vols au cours du dernier mois. Ces vols ont livr\u00e9 des \u00e9quipements essentiels, notamment des v\u00e9hicules blind\u00e9s, destin\u00e9s \u00e0 renforcer les capacit\u00e9s de la Police nationale ha\u00eftienne et des forces de la mission k\u00e9nyane.<\/p>\n\n\n\n<p>Une situation s\u00e9curitaire alarmante<\/p>\n\n\n\n<p>L\u2019arriv\u00e9e de ces renforts intervient alors que la capitale ha\u00eftienne est confront\u00e9e \u00e0 une recrudescence de la violence. Ces derniers jours, des gangs arm\u00e9s, originaires de quartiers comme Grand-Ravine et Martissant, ont intensifi\u00e9 leurs offensives, visant d\u00e9sormais des zones strat\u00e9giques telles que P\u00e9tion-Ville et les r\u00e9gions montagneuses avoisinantes de Laboule, Fermathe et Kenscoff.<\/p>\n\n\n\n<p>Ces groupes, responsables d\u2019incendies et de pillages dans des zones commerciales proches de l\u2019a\u00e9roport international, cherchent \u00e0 s\u2019emparer de P\u00e9tion-Ville, une banlieue jusque-l\u00e0 relativement \u00e9pargn\u00e9e par leur emprise. La prise de contr\u00f4le de cette zone leur offrirait un avantage strat\u00e9gique, facilitant leur acc\u00e8s \u00e0 la banlieue ais\u00e9e depuis les montagnes.<\/p>\n\n\n\n<p>De violents affrontements en cours<\/p>\n\n\n\n<p>La tentative des gangs de s\u2019installer \u00e0 P\u00e9tion-Ville a entra\u00een\u00e9 des affrontements intenses. Les forces de s\u00e9curit\u00e9, appuy\u00e9es par des groupes locaux d\u2019autod\u00e9fense, ont r\u00e9sist\u00e9 aux attaques men\u00e9es par des dizaines de membres lourdement arm\u00e9s.<\/p>\n\n\n\n<p>L\u2019enjeu est crucial : P\u00e9tion-Ville repr\u00e9sente non seulement un centre \u00e9conomique majeur, mais aussi un symbole de r\u00e9sistance face \u00e0 l\u2019emprise croissante des gangs sur la capitale ha\u00eftienne.<\/p>\n\n\n\n<p>Une lueur d\u2019espoir pour Ha\u00efti<\/p>\n\n\n\n<p>L\u2019arriv\u00e9e de ces contingents internationaux redonne un espoir \u00e0 une population \u00e9puis\u00e9e par l\u2019ins\u00e9curit\u00e9 et les violences. Cependant, les d\u00e9fis restent immenses. La mission multinationale devra non seulement renforcer les capacit\u00e9s des forces locales, mais aussi restaurer la confiance de la population en un avenir plus s\u00fbr.<\/p>\n\n\n\n<figure class=\"wp-block-image size-full\"><img data-recalc-dims=\"1\" fetchpriority=\"high\" decoding=\"async\" width=\"640\" height=\"640\" src=\"https:\/\/i0.wp.com\/radioteleds.com\/wp-content\/uploads\/2025\/01\/IMG_6056.webp?resize=640%2C640&#038;ssl=1\" alt=\"\" class=\"wp-image-387\" srcset=\"https:\/\/i0.wp.com\/radioteleds.com\/wp-content\/uploads\/2025\/01\/IMG_6056.webp?w=800&amp;ssl=1 800w, https:\/\/i0.wp.com\/radioteleds.com\/wp-content\/uploads\/2025\/01\/IMG_6056.webp?resize=300%2C300&amp;ssl=1 300w, https:\/\/i0.wp.com\/radioteleds.com\/wp-content\/uploads\/2025\/01\/IMG_6056.webp?resize=150%2C150&amp;ssl=1 150w, https:\/\/i0.wp.com\/radioteleds.com\/wp-content\/uploads\/2025\/01\/IMG_6056.webp?resize=768%2C768&amp;ssl=1 768w\" sizes=\"(max-width: 640px) 100vw, 640px\" \/><\/figure>\n","protected":false},"excerpt":{"rendered":"<p>Port-au-Prince, 3 janvier 2025 Un nouveau chapitre dans la lutte contre l\u2019ins\u00e9curit\u00e9 en Ha\u00efti s\u2019ouvre avec l\u2019arriv\u00e9e, ce<\/p>\n","protected":false},"author":1,"featured_media":0,"comment_status":"open","ping_status":"open","sticky":false,"template":"","format":"standard","meta":{"_daextrevo_audio_file_creation_date":"","_daextrevo_text_to_speech":"","_daextrevo_document_type":"","_jetpack_memberships_contains_paid_content":false,"footnotes":""},"categories":[1,18,19,9,7,10],"tags":[],"class_list":["post-386","post","type-post","status-publish","format-standard","hentry","category-actualites","category-election","category-insecurite","category-international","category-politique","category-securite"],"jetpack_sharing_enabled":true,"jetpack_featured_media_url":"","_links":{"self":[{"href":"https:\/\/radioteleds.com\/index.php\/wp-json\/wp\/v2\/posts\/386"}],"collection":[{"href":"https:\/\/radioteleds.com\/index.php\/wp-json\/wp\/v2\/posts"}],"about":[{"href":"https:\/\/radioteleds.com\/index.php\/wp-json\/wp\/v2\/types\/post"}],"author":[{"embeddable":true,"href":"https:\/\/radioteleds.com\/index.php\/wp-json\/wp\/v2\/users\/1"}],"replies":[{"embeddable":true,"href":"https:\/\/radioteleds.com\/index.php\/wp-json\/wp\/v2\/comments?post=386"}],"version-history":[{"count":1,"href":"https:\/\/radioteleds.com\/index.php\/wp-json\/wp\/v2\/posts\/386\/revisions"}],"predecessor-version":[{"id":388,"href":"https:\/\/radioteleds.com\/index.php\/wp-json\/wp\/v2\/posts\/386\/revisions\/388"}],"wp:attachment":[{"href":"https:\/\/radioteleds.com\/index.php\/wp-json\/wp\/v2\/media?parent=386"}],"wp:term":[{"taxonomy":"category","embeddable":true,"href":"https:\/\/radioteleds.com\/index.php\/wp-json\/wp\/v2\/categories?post=386"},{"taxonomy":"post_tag","embeddable":true,"href":"https:\/\/radioteleds.com\/index.php\/wp-json\/wp\/v2\/tags?post=386"}],"curies":[{"name":"wp","href":"https:\/\/api.w.org\/{rel}","templated":true}]}}