{"id":392,"date":"2025-01-13T04:29:13","date_gmt":"2025-01-13T03:29:13","guid":{"rendered":"https:\/\/radioteleds.com\/?p=392"},"modified":"2025-01-13T04:29:18","modified_gmt":"2025-01-13T03:29:18","slug":"haiti-le-collectif-4-decembre-clarifie-sa-position-sur-la-transition-par-la-cour-de-cassation13-janvier-2025","status":"publish","type":"post","link":"https:\/\/radioteleds.com\/index.php\/2025\/01\/13\/haiti-le-collectif-4-decembre-clarifie-sa-position-sur-la-transition-par-la-cour-de-cassation13-janvier-2025\/","title":{"rendered":"Ha\u00efti : Le Collectif 4 D\u00e9cembre clarifie sa position sur la transition par la Cour de Cassation13 janvier 2025"},"content":{"rendered":"\n<figure class=\"wp-block-image size-full\"><img data-recalc-dims=\"1\" fetchpriority=\"high\" decoding=\"async\" width=\"267\" height=\"200\" src=\"https:\/\/i0.wp.com\/radioteleds.com\/wp-content\/uploads\/2025\/01\/IMG_6147.jpeg?resize=267%2C200&#038;ssl=1\" alt=\"\" class=\"wp-image-393\"\/><\/figure>\n\n\n\n<p>Dans une note publi\u00e9e ce 13 janvier 2025, le Collectif 4 D\u00e9cembre 2013 a tenu \u00e0 clarifier sa position sur les r\u00e9centes d\u00e9clarations faites par un repr\u00e9sentant du Parti Ha\u00eftien T\u00e8t Kale (PHTK), \u00e9galement membre du Collectif 30 janvier. Ces d\u00e9clarations, diffus\u00e9es sur les ondes d\u2019une station de radio de la capitale le 9 janvier, laissaient entendre que divers regroupements auraient soumis des propositions \u00e0 la CARICOM dans le cadre de la recherche d\u2019une solution \u00e0 la crise actuelle en Ha\u00efti.<\/p>\n\n\n\n<p>Le Collectif 4 D\u00e9cembre, par la voix de son coordonnateur g\u00e9n\u00e9ral Jean-Robert Argant, a fermement ni\u00e9 toute participation \u00e0 de telles d\u00e9marches et a pr\u00e9cis\u00e9 qu\u2019il n\u2019a jamais sollicit\u00e9 la CARICOM comme m\u00e9diatrice dans les affaires internes du pays.<\/p>\n\n\n\n<p>Une transition par la Cour de Cassation, seule solution pr\u00f4n\u00e9e<\/p>\n\n\n\n<p>Face \u00e0 la vacance pr\u00e9sidentielle constat\u00e9e, le Collectif 4 D\u00e9cembre r\u00e9it\u00e8re sa proposition de recourir \u00e0 la Cour de Cassation pour assurer la transition et mener le pays vers des \u00e9lections cr\u00e9dibles. Le Collectif souligne que cette approche, adopt\u00e9e \u00e0 deux reprises par le pass\u00e9, a permis une issue favorable \u00e0 des p\u00e9riodes de crises similaires.<\/p>\n\n\n\n<p>\u00ab Nous croyons fermement qu\u2019une gouvernance responsable, fond\u00e9e sur l\u2019int\u00e9grit\u00e9, la transparence et le respect des aspirations du peuple ha\u00eftien, est la cl\u00e9 pour sortir durablement de la crise \u00bb, a d\u00e9clar\u00e9 le Collectif.<\/p>\n\n\n\n<p>Une position fond\u00e9e sur des valeurs de non-violence<\/p>\n\n\n\n<p>Rappelant son engagement pour la non-violence et la d\u00e9fense des droits fondamentaux, le Collectif 4 D\u00e9cembre a insist\u00e9 sur la n\u00e9cessit\u00e9 de promouvoir une solution inclusive et pacifique impliquant tous les acteurs politiques et sociaux respectueux des valeurs d\u00e9mocratiques.<\/p>\n\n\n\n<p>Le Collectif a \u00e9galement tenu \u00e0 se dissocier de toute action ou entit\u00e9 ne refl\u00e9tant pas les valeurs qu\u2019il d\u00e9fend et qui pourrait nuire \u00e0 l\u2019int\u00e9r\u00eat sup\u00e9rieur de la nation.<\/p>\n\n\n\n<p>Appel \u00e0 la communaut\u00e9 nationale et internationale<\/p>\n\n\n\n<p>Dans sa note, le Collectif a invit\u00e9 les organisations internationales et la communaut\u00e9 nationale \u00e0 soutenir des initiatives enracin\u00e9es dans la l\u00e9gitimit\u00e9 et le respect des principes d\u00e9mocratiques.<\/p>\n\n\n\n<p>Pour conclure, le Collectif 4 D\u00e9cembre a r\u00e9affirm\u00e9 son engagement \u00e0 \u0153uvrer pour une Ha\u00efti unie, prosp\u00e8re et en paix, renouvelant son appel \u00e0 une transition pilot\u00e9e par la Cour de Cassation.<\/p>\n","protected":false},"excerpt":{"rendered":"<p>Dans une note publi\u00e9e ce 13 janvier 2025, le Collectif 4 D\u00e9cembre 2013 a tenu \u00e0 clarifier sa<\/p>\n","protected":false},"author":1,"featured_media":0,"comment_status":"open","ping_status":"open","sticky":false,"template":"","format":"standard","meta":{"_daextrevo_audio_file_creation_date":"","_daextrevo_text_to_speech":"","_daextrevo_document_type":"","_jetpack_memberships_contains_paid_content":false,"footnotes":""},"categories":[1,18,19,9,24,7,10],"tags":[],"class_list":["post-392","post","type-post","status-publish","format-standard","hentry","category-actualites","category-election","category-insecurite","category-international","category-justice","category-politique","category-securite"],"jetpack_sharing_enabled":true,"jetpack_featured_media_url":"","_links":{"self":[{"href":"https:\/\/radioteleds.com\/index.php\/wp-json\/wp\/v2\/posts\/392"}],"collection":[{"href":"https:\/\/radioteleds.com\/index.php\/wp-json\/wp\/v2\/posts"}],"about":[{"href":"https:\/\/radioteleds.com\/index.php\/wp-json\/wp\/v2\/types\/post"}],"author":[{"embeddable":true,"href":"https:\/\/radioteleds.com\/index.php\/wp-json\/wp\/v2\/users\/1"}],"replies":[{"embeddable":true,"href":"https:\/\/radioteleds.com\/index.php\/wp-json\/wp\/v2\/comments?post=392"}],"version-history":[{"count":1,"href":"https:\/\/radioteleds.com\/index.php\/wp-json\/wp\/v2\/posts\/392\/revisions"}],"predecessor-version":[{"id":394,"href":"https:\/\/radioteleds.com\/index.php\/wp-json\/wp\/v2\/posts\/392\/revisions\/394"}],"wp:attachment":[{"href":"https:\/\/radioteleds.com\/index.php\/wp-json\/wp\/v2\/media?parent=392"}],"wp:term":[{"taxonomy":"category","embeddable":true,"href":"https:\/\/radioteleds.com\/index.php\/wp-json\/wp\/v2\/categories?post=392"},{"taxonomy":"post_tag","embeddable":true,"href":"https:\/\/radioteleds.com\/index.php\/wp-json\/wp\/v2\/tags?post=392"}],"curies":[{"name":"wp","href":"https:\/\/api.w.org\/{rel}","templated":true}]}}