{"id":409,"date":"2025-02-07T23:17:43","date_gmt":"2025-02-07T22:17:43","guid":{"rendered":"https:\/\/radioteleds.com\/?p=409"},"modified":"2025-02-07T23:17:53","modified_gmt":"2025-02-07T22:17:53","slug":"le-carnaval-national-2025-se-tiendra-a-fort-liberte-sous-le-theme-haiti-debout-ayiti-kanpe","status":"publish","type":"post","link":"https:\/\/radioteleds.com\/index.php\/2025\/02\/07\/le-carnaval-national-2025-se-tiendra-a-fort-liberte-sous-le-theme-haiti-debout-ayiti-kanpe\/","title":{"rendered":"Le Carnaval National 2025 se tiendra \u00e0 Fort-Libert\u00e9 sous le th\u00e8me \u00ab Ha\u00efti debout ! Ayiti Kanpe ! \u00bb"},"content":{"rendered":"\n<figure class=\"wp-block-image size-full\"><img data-recalc-dims=\"1\" fetchpriority=\"high\" decoding=\"async\" width=\"640\" height=\"514\" src=\"https:\/\/i0.wp.com\/radioteleds.com\/wp-content\/uploads\/2025\/02\/IMG_6506.jpeg?resize=640%2C514&#038;ssl=1\" alt=\"\" class=\"wp-image-410\" srcset=\"https:\/\/i0.wp.com\/radioteleds.com\/wp-content\/uploads\/2025\/02\/IMG_6506.jpeg?w=960&amp;ssl=1 960w, https:\/\/i0.wp.com\/radioteleds.com\/wp-content\/uploads\/2025\/02\/IMG_6506.jpeg?resize=300%2C241&amp;ssl=1 300w, https:\/\/i0.wp.com\/radioteleds.com\/wp-content\/uploads\/2025\/02\/IMG_6506.jpeg?resize=768%2C617&amp;ssl=1 768w\" sizes=\"(max-width: 640px) 100vw, 640px\" \/><\/figure>\n\n\n\n<p>Le Minist\u00e8re de la Culture et de la Communication (MCC) a officiellement annonc\u00e9 que le Carnaval National 2025 se tiendra dans la ville historique de Fort-Libert\u00e9 les 2, 3 et 4 mars prochains. Plac\u00e9 sous le th\u00e8me inspirant \u00ab Ha\u00efti debout ! Ayiti Kanpe ! \u00bb, cet \u00e9v\u00e9nement promet de mettre \u00e0 l\u2019honneur la cr\u00e9ativit\u00e9 et l\u2019identit\u00e9 culturelle ha\u00eftienne.<\/p>\n\n\n\n<p>Le Comit\u00e9 d\u2019Honneur pour l\u2019organisation du Carnaval rassemble plusieurs minist\u00e8res strat\u00e9giques, notamment le Minist\u00e8re de la Culture et de la Communication, celui du Tourisme, de l\u2019\u00c9conomie et des Finances, des Travaux Publics, ainsi que de la Justice, de la Sant\u00e9, de l\u2019Int\u00e9rieur et du Commerce.<\/p>\n\n\n\n<p>La coordination de cet \u00e9v\u00e9nement majeur sera assur\u00e9e par un Comit\u00e9 National pr\u00e9sid\u00e9 par Madame Josette DARGUSTE. Voici la composition compl\u00e8te de ce comit\u00e9 :<br>\u2022 Vice-pr\u00e9sidente : Madame Johanne B. CLEBERT<br>\u2022 Secr\u00e9taire g\u00e9n\u00e9rale : Madame Helen ALEXANDRE<br>\u2022 Directeur financier : Monsieur Hendy LAMOTHE<br>\u2022 Tr\u00e9sorier : Monsieur Jean Laury LUC<br>\u2022 Responsable de la cr\u00e9ation artistique : Monsieur Michel CHATAIGNE<br>\u2022 Responsable de la mise en sc\u00e8ne artistique : Madame Yvrose GREEN<br>\u2022 Responsable communication : Monsieur Patrice SALOMON<br>\u2022 Responsable logistique technique : Monsieur Sa\u00fcl GAUTHIER<br>\u2022 Responsable logistique \u00e9v\u00e9nementielle : Monsieur Atkinson BELIZAIRE<br>\u2022 Responsable urgences et secours : Dr Martial BECHE<br>\u2022 Membre : Madame Sabrina CHAPERON<\/p>\n\n\n\n<p>Le Minist\u00e8re de la Culture et de la Communication invite toutes les forces vives de la nation \u00e0 faire de ce carnaval un moment inoubliable de cr\u00e9ativit\u00e9, d\u2019expression culturelle et d\u2019union nationale.<\/p>\n\n\n\n<p>\u00ab Fort-Libert\u00e9 vous ouvre ses bras, Ayiti Kanpe ! \u00bb, conclut le communiqu\u00e9 sign\u00e9 par Patrick DELATOUR, Ministre de la Culture et de la Communication.<\/p>\n","protected":false},"excerpt":{"rendered":"<p>Le Minist\u00e8re de la Culture et de la Communication (MCC) a officiellement annonc\u00e9 que le Carnaval National 2025<\/p>\n","protected":false},"author":1,"featured_media":0,"comment_status":"open","ping_status":"open","sticky":false,"template":"","format":"standard","meta":{"_daextrevo_audio_file_creation_date":"","_daextrevo_text_to_speech":"","_daextrevo_document_type":"","_jetpack_memberships_contains_paid_content":false,"footnotes":""},"categories":[1,8,12,9,22],"tags":[],"class_list":["post-409","post","type-post","status-publish","format-standard","hentry","category-actualites","category-culture","category-economie","category-international","category-produit-local"],"jetpack_sharing_enabled":true,"jetpack_featured_media_url":"","_links":{"self":[{"href":"https:\/\/radioteleds.com\/index.php\/wp-json\/wp\/v2\/posts\/409"}],"collection":[{"href":"https:\/\/radioteleds.com\/index.php\/wp-json\/wp\/v2\/posts"}],"about":[{"href":"https:\/\/radioteleds.com\/index.php\/wp-json\/wp\/v2\/types\/post"}],"author":[{"embeddable":true,"href":"https:\/\/radioteleds.com\/index.php\/wp-json\/wp\/v2\/users\/1"}],"replies":[{"embeddable":true,"href":"https:\/\/radioteleds.com\/index.php\/wp-json\/wp\/v2\/comments?post=409"}],"version-history":[{"count":1,"href":"https:\/\/radioteleds.com\/index.php\/wp-json\/wp\/v2\/posts\/409\/revisions"}],"predecessor-version":[{"id":411,"href":"https:\/\/radioteleds.com\/index.php\/wp-json\/wp\/v2\/posts\/409\/revisions\/411"}],"wp:attachment":[{"href":"https:\/\/radioteleds.com\/index.php\/wp-json\/wp\/v2\/media?parent=409"}],"wp:term":[{"taxonomy":"category","embeddable":true,"href":"https:\/\/radioteleds.com\/index.php\/wp-json\/wp\/v2\/categories?post=409"},{"taxonomy":"post_tag","embeddable":true,"href":"https:\/\/radioteleds.com\/index.php\/wp-json\/wp\/v2\/tags?post=409"}],"curies":[{"name":"wp","href":"https:\/\/api.w.org\/{rel}","templated":true}]}}