{"id":467,"date":"2025-03-28T04:45:16","date_gmt":"2025-03-28T03:45:16","guid":{"rendered":"https:\/\/radioteleds.com\/?p=467"},"modified":"2025-03-28T04:45:19","modified_gmt":"2025-03-28T03:45:19","slug":"fritz-alphonse-jean-de-retour-en-haiti-apres-une-mission-officielle-en-jamaique","status":"publish","type":"post","link":"https:\/\/radioteleds.com\/index.php\/2025\/03\/28\/fritz-alphonse-jean-de-retour-en-haiti-apres-une-mission-officielle-en-jamaique\/","title":{"rendered":"Fritz Alphonse Jean de retour en Ha\u00efti apr\u00e8s une mission officielle en Jama\u00efque"},"content":{"rendered":"\n<figure class=\"wp-block-image size-large\"><img data-recalc-dims=\"1\" fetchpriority=\"high\" decoding=\"async\" width=\"640\" height=\"427\" src=\"https:\/\/i0.wp.com\/radioteleds.com\/wp-content\/uploads\/2025\/03\/IMG_6805.jpeg?resize=640%2C427&#038;ssl=1\" alt=\"\" class=\"wp-image-468\" srcset=\"https:\/\/i0.wp.com\/radioteleds.com\/wp-content\/uploads\/2025\/03\/IMG_6805.jpeg?resize=1024%2C683&amp;ssl=1 1024w, https:\/\/i0.wp.com\/radioteleds.com\/wp-content\/uploads\/2025\/03\/IMG_6805.jpeg?resize=300%2C200&amp;ssl=1 300w, https:\/\/i0.wp.com\/radioteleds.com\/wp-content\/uploads\/2025\/03\/IMG_6805.jpeg?resize=768%2C512&amp;ssl=1 768w, https:\/\/i0.wp.com\/radioteleds.com\/wp-content\/uploads\/2025\/03\/IMG_6805.jpeg?w=1200&amp;ssl=1 1200w\" sizes=\"(max-width: 640px) 100vw, 640px\" \/><\/figure>\n\n\n\n<p>Port-au-Prince, 27 Mars 2025 \u2013 Le pr\u00e9sident du Conseil Pr\u00e9sidentiel de Transition, Fritz Alphonse Jean, est rentr\u00e9 en Ha\u00efti apr\u00e8s un s\u00e9jour officiel en Jama\u00efque. Lors de ce d\u00e9placement, il a rencontr\u00e9 plusieurs chefs d\u2019\u00c9tat et de gouvernement des pays membres de la CARICOM afin de discuter de la crise s\u00e9curitaire persistante en Ha\u00efti.<\/p>\n\n\n\n<p>Selon Fritz Alphonse Jean, ces \u00e9changes ont port\u00e9 principalement sur les d\u00e9fis li\u00e9s \u00e0 l\u2019ins\u00e9curit\u00e9 et aux crimes transnationaux qui fragilisent la stabilit\u00e9 du pays. Il a \u00e9galement eu un entretien avec le secr\u00e9taire d\u2019\u00c9tat am\u00e9ricain, Marco Rubio, au sujet des impacts de ces crimes sur Ha\u00efti. En r\u00e9ponse, Marco Rubio a r\u00e9affirm\u00e9 l\u2019engagement des \u00c9tats-Unis \u00e0 revoir leur approche afin de renforcer l\u2019aide apport\u00e9e \u00e0 la lutte contre l\u2019instabilit\u00e9.<\/p>\n\n\n\n<p>Par ailleurs, ce jeudi, le pr\u00e9sident du Conseil Pr\u00e9sidentiel de Transition, accompagn\u00e9 d\u2019une d\u00e9l\u00e9gation compos\u00e9e du conseiller-pr\u00e9sident Leslie Voltaire, du Premier ministre Alix Didier Fils-Aim\u00e9 et du directeur g\u00e9n\u00e9ral de la Police nationale d\u2019Ha\u00efti (PNH), Normil Rameau, a effectu\u00e9 une visite au quartier g\u00e9n\u00e9ral des forces multinationales \u00e0 Clersin.<\/p>\n\n\n\n<p>Lors de cette visite, Fritz Alphonse Jean a adress\u00e9 ses condol\u00e9ances aux soldats et policiers ayant perdu leurs coll\u00e8gues lors des r\u00e9cents \u00e9v\u00e9nements \u00e0 Petite Rivi\u00e8re de l\u2019Artibonite. Il a \u00e9galement salu\u00e9 leur engagement et les a encourag\u00e9s \u00e0 poursuivre leurs efforts pour le r\u00e9tablissement de la s\u00e9curit\u00e9 et de la paix en Ha\u00efti.<\/p>\n","protected":false},"excerpt":{"rendered":"<p>Port-au-Prince, 27 Mars 2025 \u2013 Le pr\u00e9sident du Conseil Pr\u00e9sidentiel de Transition, Fritz Alphonse Jean, est rentr\u00e9 en<\/p>\n","protected":false},"author":1,"featured_media":0,"comment_status":"open","ping_status":"open","sticky":false,"template":"","format":"standard","meta":{"_daextrevo_audio_file_creation_date":"","_daextrevo_text_to_speech":"","_daextrevo_document_type":"","_jetpack_memberships_contains_paid_content":false,"footnotes":""},"categories":[1,16,19,7,10],"tags":[],"class_list":["post-467","post","type-post","status-publish","format-standard","hentry","category-actualites","category-diplomatie","category-insecurite","category-politique","category-securite"],"jetpack_sharing_enabled":true,"jetpack_featured_media_url":"","_links":{"self":[{"href":"https:\/\/radioteleds.com\/index.php\/wp-json\/wp\/v2\/posts\/467"}],"collection":[{"href":"https:\/\/radioteleds.com\/index.php\/wp-json\/wp\/v2\/posts"}],"about":[{"href":"https:\/\/radioteleds.com\/index.php\/wp-json\/wp\/v2\/types\/post"}],"author":[{"embeddable":true,"href":"https:\/\/radioteleds.com\/index.php\/wp-json\/wp\/v2\/users\/1"}],"replies":[{"embeddable":true,"href":"https:\/\/radioteleds.com\/index.php\/wp-json\/wp\/v2\/comments?post=467"}],"version-history":[{"count":1,"href":"https:\/\/radioteleds.com\/index.php\/wp-json\/wp\/v2\/posts\/467\/revisions"}],"predecessor-version":[{"id":469,"href":"https:\/\/radioteleds.com\/index.php\/wp-json\/wp\/v2\/posts\/467\/revisions\/469"}],"wp:attachment":[{"href":"https:\/\/radioteleds.com\/index.php\/wp-json\/wp\/v2\/media?parent=467"}],"wp:term":[{"taxonomy":"category","embeddable":true,"href":"https:\/\/radioteleds.com\/index.php\/wp-json\/wp\/v2\/categories?post=467"},{"taxonomy":"post_tag","embeddable":true,"href":"https:\/\/radioteleds.com\/index.php\/wp-json\/wp\/v2\/tags?post=467"}],"curies":[{"name":"wp","href":"https:\/\/api.w.org\/{rel}","templated":true}]}}