{"id":480,"date":"2025-04-01T00:54:04","date_gmt":"2025-03-31T22:54:04","guid":{"rendered":"https:\/\/radioteleds.com\/?p=480"},"modified":"2025-04-01T00:54:08","modified_gmt":"2025-03-31T22:54:08","slug":"haiti-une-commission-pour-la-mise-en-place-dun-reseau-national-de-centres-daccueil-et-de-maisons-de-reeducation","status":"publish","type":"post","link":"https:\/\/radioteleds.com\/index.php\/2025\/04\/01\/haiti-une-commission-pour-la-mise-en-place-dun-reseau-national-de-centres-daccueil-et-de-maisons-de-reeducation\/","title":{"rendered":"Ha\u00efti : Une Commission pour la mise en place d\u2019un R\u00e9seau National de Centres d\u2019Accueil et de Maisons de R\u00e9\u00e9ducation"},"content":{"rendered":"\n<figure class=\"wp-block-image size-full\"><img data-recalc-dims=\"1\" fetchpriority=\"high\" decoding=\"async\" width=\"402\" height=\"390\" src=\"https:\/\/i0.wp.com\/radioteleds.com\/wp-content\/uploads\/2023\/09\/cropped-P-IMG-20230927-WA0049-removebg-preview-2.png?resize=402%2C390&#038;ssl=1\" alt=\"\" class=\"wp-image-445\" srcset=\"https:\/\/i0.wp.com\/radioteleds.com\/wp-content\/uploads\/2023\/09\/cropped-P-IMG-20230927-WA0049-removebg-preview-2.png?w=402&amp;ssl=1 402w, https:\/\/i0.wp.com\/radioteleds.com\/wp-content\/uploads\/2023\/09\/cropped-P-IMG-20230927-WA0049-removebg-preview-2.png?resize=300%2C291&amp;ssl=1 300w\" sizes=\"(max-width: 402px) 100vw, 402px\" \/><\/figure>\n\n\n\n<p>Port-au-Prince, 31 Mars 2025 \u2013 Le Conseil Pr\u00e9sidentiel de Transition a annonc\u00e9 la cr\u00e9ation d\u2019une Commission Pr\u00e9sidentielle ad hoc charg\u00e9e de poser les bases d\u2019un R\u00e9seau National de Centres d\u2019Accueil et de Maisons de R\u00e9\u00e9ducation destin\u00e9 \u00e0 l\u2019encadrement des enfants et adolescents en situation de vuln\u00e9rabilit\u00e9 ou en conflit avec la loi. Cette initiative, officialis\u00e9e par arr\u00eat\u00e9 pr\u00e9sidentiel , r\u00e9pond \u00e0 la n\u00e9cessit\u00e9 de structurer une politique nationale de protection et de r\u00e9insertion des jeunes en difficult\u00e9.<\/p>\n\n\n\n<p>La Commission, compos\u00e9e de sept personnalit\u00e9s nomm\u00e9es par le Conseil Pr\u00e9sidentiel de Transition, aura pour mission d\u2019\u00e9valuer les infrastructures existantes, de proposer un cadre institutionnel et r\u00e9glementaire, et d\u2019\u00e9laborer un plan d\u2019action en vue de la cr\u00e9ation de ces centres. Les membres d\u00e9sign\u00e9s sont : Andr\u00e9 Ibr\u00e9us, nomm\u00e9 coordonnateur, ainsi que Jules Mo\u00efse, Marleine Bernard Delva, Claude Mane Das, \u00c9tienne Salvador, Nora Jean Fran\u00e7ois et Rose Andr\u00e9e Bien-Aim\u00e9, qui agiront en tant que membres.<\/p>\n\n\n\n<p>Le mandat de la Commission est fix\u00e9 \u00e0 six mois, avec une p\u00e9riode d\u2019un mois pour d\u00e9finir son plan de travail et son budget. Elle pourra faire appel \u00e0 des fonctionnaires de l\u2019\u00c9tat ainsi qu\u2019\u00e0 des experts nationaux et internationaux pour mener \u00e0 bien ses travaux. Le Minist\u00e8re des Affaires Sociales et du Travail jouera un r\u00f4le cl\u00e9 en fournissant un soutien technique et en mettant \u00e0 disposition son expertise sur les questions de protection de l\u2019enfance.<\/p>\n\n\n\n<p>Trois mois apr\u00e8s sa mise en place, la Commission devra pr\u00e9senter un premier rapport au Conseil Pr\u00e9sidentiel de Transition, suivi d\u2019un rapport final \u00e0 la fin de son mandat. Une fois valid\u00e9s, ces documents seront transmis au Minist\u00e8re des Affaires Sociales et du Travail pour mise en application des recommandations.<\/p>\n\n\n\n<p>Cette d\u00e9cision marque une volont\u00e9 politique de r\u00e9pondre aux besoins croissants en mati\u00e8re de protection de l\u2019enfance en Ha\u00efti. Dans un contexte o\u00f9 de nombreux jeunes se retrouvent livr\u00e9s \u00e0 eux-m\u00eames, sans accompagnement appropri\u00e9, la mise en place de structures adapt\u00e9es pourrait constituer une avanc\u00e9e significative pour leur avenir. Reste \u00e0 voir si les moyens financiers et logistiques suivront pour concr\u00e9tiser cette ambition.<\/p>\n","protected":false},"excerpt":{"rendered":"<p>Port-au-Prince, 31 Mars 2025 \u2013 Le Conseil Pr\u00e9sidentiel de Transition a annonc\u00e9 la cr\u00e9ation d\u2019une Commission Pr\u00e9sidentielle ad<\/p>\n","protected":false},"author":1,"featured_media":0,"comment_status":"open","ping_status":"open","sticky":false,"template":"","format":"standard","meta":{"_daextrevo_audio_file_creation_date":"","_daextrevo_text_to_speech":"","_daextrevo_document_type":"","_jetpack_memberships_contains_paid_content":false,"footnotes":""},"categories":[1,18,19,24,7,10],"tags":[],"class_list":["post-480","post","type-post","status-publish","format-standard","hentry","category-actualites","category-election","category-insecurite","category-justice","category-politique","category-securite"],"jetpack_sharing_enabled":true,"jetpack_featured_media_url":"","_links":{"self":[{"href":"https:\/\/radioteleds.com\/index.php\/wp-json\/wp\/v2\/posts\/480"}],"collection":[{"href":"https:\/\/radioteleds.com\/index.php\/wp-json\/wp\/v2\/posts"}],"about":[{"href":"https:\/\/radioteleds.com\/index.php\/wp-json\/wp\/v2\/types\/post"}],"author":[{"embeddable":true,"href":"https:\/\/radioteleds.com\/index.php\/wp-json\/wp\/v2\/users\/1"}],"replies":[{"embeddable":true,"href":"https:\/\/radioteleds.com\/index.php\/wp-json\/wp\/v2\/comments?post=480"}],"version-history":[{"count":1,"href":"https:\/\/radioteleds.com\/index.php\/wp-json\/wp\/v2\/posts\/480\/revisions"}],"predecessor-version":[{"id":481,"href":"https:\/\/radioteleds.com\/index.php\/wp-json\/wp\/v2\/posts\/480\/revisions\/481"}],"wp:attachment":[{"href":"https:\/\/radioteleds.com\/index.php\/wp-json\/wp\/v2\/media?parent=480"}],"wp:term":[{"taxonomy":"category","embeddable":true,"href":"https:\/\/radioteleds.com\/index.php\/wp-json\/wp\/v2\/categories?post=480"},{"taxonomy":"post_tag","embeddable":true,"href":"https:\/\/radioteleds.com\/index.php\/wp-json\/wp\/v2\/tags?post=480"}],"curies":[{"name":"wp","href":"https:\/\/api.w.org\/{rel}","templated":true}]}}