{"id":520,"date":"2025-04-17T12:14:11","date_gmt":"2025-04-17T10:14:11","guid":{"rendered":"https:\/\/radioteleds.com\/?p=520"},"modified":"2025-04-17T12:14:14","modified_gmt":"2025-04-17T10:14:14","slug":"haiti-lorganisation-demarches-citoyennes-presse-le-conseil-presidentiel-a-agir-contre-les-gangs-armes","status":"publish","type":"post","link":"https:\/\/radioteleds.com\/index.php\/2025\/04\/17\/haiti-lorganisation-demarches-citoyennes-presse-le-conseil-presidentiel-a-agir-contre-les-gangs-armes\/","title":{"rendered":"Ha\u00efti : l\u2019organisation D\u00c9MARCHES CITOYENNES presse le Conseil Pr\u00e9sidentiel \u00e0 agir contre les gangs arm\u00e9s"},"content":{"rendered":"\n<figure class=\"wp-block-image size-full\"><img data-recalc-dims=\"1\" fetchpriority=\"high\" decoding=\"async\" width=\"402\" height=\"390\" src=\"https:\/\/i0.wp.com\/radioteleds.com\/wp-content\/uploads\/2023\/09\/cropped-P-IMG-20230927-WA0049-removebg-preview-2.png?resize=402%2C390&#038;ssl=1\" alt=\"\" class=\"wp-image-445\" srcset=\"https:\/\/i0.wp.com\/radioteleds.com\/wp-content\/uploads\/2023\/09\/cropped-P-IMG-20230927-WA0049-removebg-preview-2.png?w=402&amp;ssl=1 402w, https:\/\/i0.wp.com\/radioteleds.com\/wp-content\/uploads\/2023\/09\/cropped-P-IMG-20230927-WA0049-removebg-preview-2.png?resize=300%2C291&amp;ssl=1 300w\" sizes=\"(max-width: 402px) 100vw, 402px\" \/><\/figure>\n\n\n\n<p>Port-au-Prince, le 16 avril 2025 \u2013 Dans une lettre adress\u00e9e \u00e0 Fritz Alphonse Jean, coordonnateur pr\u00e9sident du Conseil Pr\u00e9sidentiel de Transition (CPT), l\u2019organisation D\u00c9MARCHES CITOYENNES POUR LE R\u00c9TABLISSEMENT DE L\u2019\u00c9TAT-NATION AYSYEN a exprim\u00e9 son profond d\u00e9sarroi face \u00e0 la situation de violence et d\u2019instabilit\u00e9 qui ravage actuellement la capitale ha\u00eftienne et plusieurs villes de province. Les femmes membres de cette organisation citoyenne fond\u00e9e en 2022 d\u00e9noncent l\u2019inaction des autorit\u00e9s et appellent \u00e0 des mesures urgentes et concr\u00e8tes pour freiner l\u2019expansion des gangs arm\u00e9s.<\/p>\n\n\n\n<p>Dans un ton ferme, D\u00c9MARCHES CITOYENNES r\u00e9clame un v\u00e9ritable sursaut de leadership pour sortir le pays du chaos. Parmi les recommandations propos\u00e9es figurent : le renforcement des Forces Arm\u00e9es d\u2019Ha\u00efti, la mise en place d\u2019un commandement unifi\u00e9 pour les forces de l\u2019ordre, l\u2019enr\u00f4lement volontaire de citoyens pour d\u00e9fendre le territoire, l\u2019aust\u00e9rit\u00e9 budg\u00e9taire au sein du gouvernement et la transparence sur les r\u00e9seaux de trafic d\u2019armes. L\u2019organisation exige que l\u2019\u00c9tat accompagne les formes de r\u00e9sistance populaire contre les gangs et avertit : si aucune action n\u2019est prise rapidement, le CPT devrait se retirer pour permettre le retour \u00e0 l\u2019ordre constitutionnel.<\/p>\n\n\n\n<p><\/p>\n","protected":false},"excerpt":{"rendered":"<p>Port-au-Prince, le 16 avril 2025 \u2013 Dans une lettre adress\u00e9e \u00e0 Fritz Alphonse Jean, coordonnateur pr\u00e9sident du Conseil<\/p>\n","protected":false},"author":1,"featured_media":0,"comment_status":"open","ping_status":"open","sticky":false,"template":"","format":"standard","meta":{"_daextrevo_audio_file_creation_date":"","_daextrevo_text_to_speech":"","_daextrevo_document_type":"","_jetpack_memberships_contains_paid_content":false,"footnotes":""},"categories":[1,19,10],"tags":[],"class_list":["post-520","post","type-post","status-publish","format-standard","hentry","category-actualites","category-insecurite","category-securite"],"jetpack_sharing_enabled":true,"jetpack_featured_media_url":"","_links":{"self":[{"href":"https:\/\/radioteleds.com\/index.php\/wp-json\/wp\/v2\/posts\/520"}],"collection":[{"href":"https:\/\/radioteleds.com\/index.php\/wp-json\/wp\/v2\/posts"}],"about":[{"href":"https:\/\/radioteleds.com\/index.php\/wp-json\/wp\/v2\/types\/post"}],"author":[{"embeddable":true,"href":"https:\/\/radioteleds.com\/index.php\/wp-json\/wp\/v2\/users\/1"}],"replies":[{"embeddable":true,"href":"https:\/\/radioteleds.com\/index.php\/wp-json\/wp\/v2\/comments?post=520"}],"version-history":[{"count":1,"href":"https:\/\/radioteleds.com\/index.php\/wp-json\/wp\/v2\/posts\/520\/revisions"}],"predecessor-version":[{"id":521,"href":"https:\/\/radioteleds.com\/index.php\/wp-json\/wp\/v2\/posts\/520\/revisions\/521"}],"wp:attachment":[{"href":"https:\/\/radioteleds.com\/index.php\/wp-json\/wp\/v2\/media?parent=520"}],"wp:term":[{"taxonomy":"category","embeddable":true,"href":"https:\/\/radioteleds.com\/index.php\/wp-json\/wp\/v2\/categories?post=520"},{"taxonomy":"post_tag","embeddable":true,"href":"https:\/\/radioteleds.com\/index.php\/wp-json\/wp\/v2\/tags?post=520"}],"curies":[{"name":"wp","href":"https:\/\/api.w.org\/{rel}","templated":true}]}}