{"id":546,"date":"2025-05-07T01:46:29","date_gmt":"2025-05-06T23:46:29","guid":{"rendered":"https:\/\/radioteleds.com\/?p=546"},"modified":"2025-05-07T01:46:32","modified_gmt":"2025-05-06T23:46:32","slug":"double-assassinat-a-delmas-un-entrepreneur-et-son-epouse-cribles-de-balles","status":"publish","type":"post","link":"https:\/\/radioteleds.com\/index.php\/2025\/05\/07\/double-assassinat-a-delmas-un-entrepreneur-et-son-epouse-cribles-de-balles\/","title":{"rendered":"Double assassinat \u00e0 Delmas : un entrepreneur et son \u00e9pouse cribl\u00e9s de balles"},"content":{"rendered":"\n<figure class=\"wp-block-image size-large\"><img data-recalc-dims=\"1\" fetchpriority=\"high\" decoding=\"async\" width=\"640\" height=\"427\" src=\"https:\/\/i0.wp.com\/radioteleds.com\/wp-content\/uploads\/2025\/05\/IMG_7287.jpeg?resize=640%2C427&#038;ssl=1\" alt=\"\" class=\"wp-image-547\" srcset=\"https:\/\/i0.wp.com\/radioteleds.com\/wp-content\/uploads\/2025\/05\/IMG_7287.jpeg?resize=1024%2C683&amp;ssl=1 1024w, https:\/\/i0.wp.com\/radioteleds.com\/wp-content\/uploads\/2025\/05\/IMG_7287.jpeg?resize=300%2C200&amp;ssl=1 300w, https:\/\/i0.wp.com\/radioteleds.com\/wp-content\/uploads\/2025\/05\/IMG_7287.jpeg?resize=768%2C512&amp;ssl=1 768w, https:\/\/i0.wp.com\/radioteleds.com\/wp-content\/uploads\/2025\/05\/IMG_7287.jpeg?w=1200&amp;ssl=1 1200w\" sizes=\"(max-width: 640px) 100vw, 640px\" \/><\/figure>\n\n\n\n<p>Un drame d\u2019une rare violence s\u2019est produit t\u00f4t dans la matin\u00e9e du mardi 6 mai 2025, entre Delmas 41 et Delmas 49, en Ha\u00efti. L\u2019entrepreneur Bazelais Renfort, \u00e2g\u00e9 de 55 ans, p\u00e8re de quatre enfants, et son \u00e9pouse Christine Campbell ont \u00e9t\u00e9 assassin\u00e9s \u00e0 bout portant alors qu\u2019ils circulaient en voiture avec leurs enfants.<\/p>\n\n\n\n<p>Selon les premi\u00e8res informations communiqu\u00e9es par le juge de paix de Delmas, Alberic Joseph Jean, le v\u00e9hicule des victimes a essuy\u00e9 pas moins de 35 impacts de balles. L\u2019un des enfants du couple, qui se trouvait \u00e0 bord, a \u00e9t\u00e9 bless\u00e9 lors de cette attaque brutale, survenue alors que la famille \u00e9tait en route pour d\u00e9poser les enfants.<\/p>\n\n\n\n<p>Fait troublant : les criminels n\u2019ont rien emport\u00e9 du v\u00e9hicule, laissant \u00e0 bord quatre t\u00e9l\u00e9phones portables et le portefeuille de Bazelais Renfort, selon le constat du juge de paix. Ce d\u00e9tail soul\u00e8ve des interrogations sur le mobile du crime, qui pourrait \u00eatre autre qu\u2019un simple acte de banditisme.<\/p>\n\n\n\n<p>La communaut\u00e9 de Delmas est sous le choc apr\u00e8s ce double homicide, qui vient alourdir un climat d\u00e9j\u00e0 tendu dans la zone m\u00e9tropolitaine. Une enqu\u00eate a \u00e9t\u00e9 ouverte afin de faire la lumi\u00e8re sur cette trag\u00e9die et d\u2019identifier les auteurs de ce crime odieux.<\/p>\n","protected":false},"excerpt":{"rendered":"<p>Un drame d\u2019une rare violence s\u2019est produit t\u00f4t dans la matin\u00e9e du mardi 6 mai 2025, entre Delmas<\/p>\n","protected":false},"author":1,"featured_media":0,"comment_status":"open","ping_status":"open","sticky":false,"template":"","format":"standard","meta":{"_daextrevo_audio_file_creation_date":"","_daextrevo_text_to_speech":"","_daextrevo_document_type":"","_jetpack_memberships_contains_paid_content":false,"footnotes":""},"categories":[1,19,10],"tags":[],"class_list":["post-546","post","type-post","status-publish","format-standard","hentry","category-actualites","category-insecurite","category-securite"],"jetpack_sharing_enabled":true,"jetpack_featured_media_url":"","_links":{"self":[{"href":"https:\/\/radioteleds.com\/index.php\/wp-json\/wp\/v2\/posts\/546"}],"collection":[{"href":"https:\/\/radioteleds.com\/index.php\/wp-json\/wp\/v2\/posts"}],"about":[{"href":"https:\/\/radioteleds.com\/index.php\/wp-json\/wp\/v2\/types\/post"}],"author":[{"embeddable":true,"href":"https:\/\/radioteleds.com\/index.php\/wp-json\/wp\/v2\/users\/1"}],"replies":[{"embeddable":true,"href":"https:\/\/radioteleds.com\/index.php\/wp-json\/wp\/v2\/comments?post=546"}],"version-history":[{"count":1,"href":"https:\/\/radioteleds.com\/index.php\/wp-json\/wp\/v2\/posts\/546\/revisions"}],"predecessor-version":[{"id":548,"href":"https:\/\/radioteleds.com\/index.php\/wp-json\/wp\/v2\/posts\/546\/revisions\/548"}],"wp:attachment":[{"href":"https:\/\/radioteleds.com\/index.php\/wp-json\/wp\/v2\/media?parent=546"}],"wp:term":[{"taxonomy":"category","embeddable":true,"href":"https:\/\/radioteleds.com\/index.php\/wp-json\/wp\/v2\/categories?post=546"},{"taxonomy":"post_tag","embeddable":true,"href":"https:\/\/radioteleds.com\/index.php\/wp-json\/wp\/v2\/tags?post=546"}],"curies":[{"name":"wp","href":"https:\/\/api.w.org\/{rel}","templated":true}]}}