{"id":550,"date":"2025-05-23T03:13:17","date_gmt":"2025-05-23T01:13:17","guid":{"rendered":"https:\/\/radioteleds.com\/?p=550"},"modified":"2025-05-23T03:13:21","modified_gmt":"2025-05-23T01:13:21","slug":"haiti-condamne-les-abus-subis-par-ses-ressortissants-en-republique-dominicaine","status":"publish","type":"post","link":"https:\/\/radioteleds.com\/index.php\/2025\/05\/23\/haiti-condamne-les-abus-subis-par-ses-ressortissants-en-republique-dominicaine\/","title":{"rendered":"Ha\u00efti condamne les abus subis par ses ressortissants en R\u00e9publique dominicaine"},"content":{"rendered":"\n<figure class=\"wp-block-image size-large\"><img data-recalc-dims=\"1\" fetchpriority=\"high\" decoding=\"async\" width=\"640\" height=\"360\" src=\"https:\/\/i0.wp.com\/radioteleds.com\/wp-content\/uploads\/2025\/04\/IMG_7189.webp?resize=640%2C360&#038;ssl=1\" alt=\"\" class=\"wp-image-528\" srcset=\"https:\/\/i0.wp.com\/radioteleds.com\/wp-content\/uploads\/2025\/04\/IMG_7189-scaled.webp?resize=1024%2C576&amp;ssl=1 1024w, https:\/\/i0.wp.com\/radioteleds.com\/wp-content\/uploads\/2025\/04\/IMG_7189-scaled.webp?resize=300%2C169&amp;ssl=1 300w, https:\/\/i0.wp.com\/radioteleds.com\/wp-content\/uploads\/2025\/04\/IMG_7189-scaled.webp?resize=768%2C432&amp;ssl=1 768w, https:\/\/i0.wp.com\/radioteleds.com\/wp-content\/uploads\/2025\/04\/IMG_7189-scaled.webp?resize=1536%2C864&amp;ssl=1 1536w, https:\/\/i0.wp.com\/radioteleds.com\/wp-content\/uploads\/2025\/04\/IMG_7189-scaled.webp?resize=2048%2C1152&amp;ssl=1 2048w, https:\/\/i0.wp.com\/radioteleds.com\/wp-content\/uploads\/2025\/04\/IMG_7189-scaled.webp?w=1280&amp;ssl=1 1280w, https:\/\/i0.wp.com\/radioteleds.com\/wp-content\/uploads\/2025\/04\/IMG_7189-scaled.webp?w=1920&amp;ssl=1 1920w\" sizes=\"(max-width: 640px) 100vw, 640px\" \/><\/figure>\n\n\n\n<p>Port-au-Prince, 22 mai 2025 \u2013 Le Minist\u00e8re des Affaires \u00c9trang\u00e8res (MAE) d\u2019Ha\u00efti a exprim\u00e9 sa vive inqui\u00e9tude face \u00e0 une recrudescence des actes x\u00e9nophobes et de mauvais traitements inflig\u00e9s \u00e0 des ressortissants ha\u00eftiens, en particulier aux femmes enceintes et allaitantes, en R\u00e9publique dominicaine.<\/p>\n\n\n\n<p>Dans un communiqu\u00e9 officiel, le MAE a d\u00e9nonc\u00e9 des violations flagrantes des droits humains, appelant \u00e0 une mobilisation tant nationale qu\u2019internationale pour d\u00e9fendre la dignit\u00e9 et les droits des Ha\u00eftiens. Le minist\u00e8re a salu\u00e9 toutes les initiatives de solidarit\u00e9, en Ha\u00efti comme \u00e0 l\u2019\u00e9tranger, destin\u00e9es \u00e0 soutenir les victimes de ces abus.<\/p>\n\n\n\n<p>Un sit-in de protestation est pr\u00e9vu le vendredi 23 mai devant les locaux du MAE \u00e0 Port-au-Prince. Organis\u00e9 par plusieurs organisations de la soci\u00e9t\u00e9 civile, ce rassemblement vise \u00e0 sensibiliser l\u2019opinion publique et \u00e0 interpeller les autorit\u00e9s sur l\u2019urgence de la situation.<\/p>\n\n\n\n<p>Sur instructions du Conseil Pr\u00e9sidentiel de Transition (CPT), le Chancelier ha\u00eftien Jean-Victor Harvel Jean-Baptiste a donn\u00e9 mandat \u00e0 l\u2019Ambassadeur d\u2019Ha\u00efti en R\u00e9publique dominicaine, M. Fritz Longchamps, de renforcer les actions diplomatiques sur le terrain. Il s\u2019agit notamment de d\u00e9ployer des diplomates et agents consulaires dans les zones sensibles comme Dajab\u00f3n et Fruisa, d\u2019organiser des caravanes de rapatriement volontaire dans des conditions dignes, d\u2019exiger le respect des droits humains des Ha\u00eftiens aupr\u00e8s des autorit\u00e9s dominicaines et de demander l\u2019ouverture d\u2019enqu\u00eates sur les cas de violations recens\u00e9s.<\/p>\n\n\n\n<p>Le MAE r\u00e9affirme son engagement en faveur du dialogue diplomatique et appelle les secteurs de la soci\u00e9t\u00e9 civile, les organisations de d\u00e9fense des droits humains et les partenaires internationaux \u00e0 unir leurs efforts pour d\u00e9fendre les droits des Ha\u00eftiens o\u00f9 qu\u2019ils se trouvent.<\/p>\n","protected":false},"excerpt":{"rendered":"<p>Port-au-Prince, 22 mai 2025 \u2013 Le Minist\u00e8re des Affaires \u00c9trang\u00e8res (MAE) d\u2019Ha\u00efti a exprim\u00e9 sa vive inqui\u00e9tude face<\/p>\n","protected":false},"author":1,"featured_media":0,"comment_status":"open","ping_status":"open","sticky":false,"template":"","format":"standard","meta":{"_daextrevo_audio_file_creation_date":"","_daextrevo_text_to_speech":"","_daextrevo_document_type":"","_jetpack_memberships_contains_paid_content":false,"footnotes":""},"categories":[1,15,16,19,9,20,7,10],"tags":[],"class_list":["post-550","post","type-post","status-publish","format-standard","hentry","category-actualites","category-business","category-diplomatie","category-insecurite","category-international","category-migration","category-politique","category-securite"],"jetpack_sharing_enabled":true,"jetpack_featured_media_url":"","_links":{"self":[{"href":"https:\/\/radioteleds.com\/index.php\/wp-json\/wp\/v2\/posts\/550"}],"collection":[{"href":"https:\/\/radioteleds.com\/index.php\/wp-json\/wp\/v2\/posts"}],"about":[{"href":"https:\/\/radioteleds.com\/index.php\/wp-json\/wp\/v2\/types\/post"}],"author":[{"embeddable":true,"href":"https:\/\/radioteleds.com\/index.php\/wp-json\/wp\/v2\/users\/1"}],"replies":[{"embeddable":true,"href":"https:\/\/radioteleds.com\/index.php\/wp-json\/wp\/v2\/comments?post=550"}],"version-history":[{"count":1,"href":"https:\/\/radioteleds.com\/index.php\/wp-json\/wp\/v2\/posts\/550\/revisions"}],"predecessor-version":[{"id":551,"href":"https:\/\/radioteleds.com\/index.php\/wp-json\/wp\/v2\/posts\/550\/revisions\/551"}],"wp:attachment":[{"href":"https:\/\/radioteleds.com\/index.php\/wp-json\/wp\/v2\/media?parent=550"}],"wp:term":[{"taxonomy":"category","embeddable":true,"href":"https:\/\/radioteleds.com\/index.php\/wp-json\/wp\/v2\/categories?post=550"},{"taxonomy":"post_tag","embeddable":true,"href":"https:\/\/radioteleds.com\/index.php\/wp-json\/wp\/v2\/tags?post=550"}],"curies":[{"name":"wp","href":"https:\/\/api.w.org\/{rel}","templated":true}]}}