{"id":555,"date":"2025-05-25T23:46:17","date_gmt":"2025-05-25T21:46:17","guid":{"rendered":"https:\/\/radioteleds.com\/?p=555"},"modified":"2025-05-25T23:46:21","modified_gmt":"2025-05-25T21:46:21","slug":"le-ministere-des-affaires-etrangeres-dhaiti-lance-une-vaste-operation-de-reaffectation-diplomatique","status":"publish","type":"post","link":"https:\/\/radioteleds.com\/index.php\/2025\/05\/25\/le-ministere-des-affaires-etrangeres-dhaiti-lance-une-vaste-operation-de-reaffectation-diplomatique\/","title":{"rendered":"Le Minist\u00e8re des Affaires \u00c9trang\u00e8res d\u2019Ha\u00efti lance une vaste op\u00e9ration de r\u00e9affectation diplomatique"},"content":{"rendered":"\n<figure class=\"wp-block-image size-large\"><img data-recalc-dims=\"1\" fetchpriority=\"high\" decoding=\"async\" width=\"640\" height=\"853\" src=\"https:\/\/i0.wp.com\/radioteleds.com\/wp-content\/uploads\/2025\/04\/f3846df9-354c-4116-ad67-6741efda7cc4-2.jpeg?resize=640%2C853&#038;ssl=1\" alt=\"\" class=\"wp-image-542\" srcset=\"https:\/\/i0.wp.com\/radioteleds.com\/wp-content\/uploads\/2025\/04\/f3846df9-354c-4116-ad67-6741efda7cc4-2.jpeg?resize=768%2C1024&amp;ssl=1 768w, https:\/\/i0.wp.com\/radioteleds.com\/wp-content\/uploads\/2025\/04\/f3846df9-354c-4116-ad67-6741efda7cc4-2.jpeg?resize=225%2C300&amp;ssl=1 225w, https:\/\/i0.wp.com\/radioteleds.com\/wp-content\/uploads\/2025\/04\/f3846df9-354c-4116-ad67-6741efda7cc4-2.jpeg?w=810&amp;ssl=1 810w\" sizes=\"(max-width: 640px) 100vw, 640px\" \/><\/figure>\n\n\n\n<p>Port-au-Prince, 25 mai 2025 \u2014 Le Minist\u00e8re des Affaires \u00c9trang\u00e8res (MAE) a annonc\u00e9 ce samedi une s\u00e9rie de mesures touchant le personnel diplomatique ha\u00eftien, dans le cadre d\u2019un vaste processus de rotation, de rappel et de r\u00e9affectation. Cette r\u00e9forme vise \u00e0 optimiser l\u2019efficacit\u00e9 des services internes et externes du minist\u00e8re.<br>Depuis plus d\u2019une semaine, le MAE a entam\u00e9 un processus de red\u00e9ploiement strat\u00e9gique impliquant des fonctionnaires issus des 11 directions centrales ainsi que des 53 missions diplomatiques et consulaires \u00e0 travers le monde. Objectif : renforcer les structures internes du minist\u00e8re tout en assurant une meilleure r\u00e9partition des ressources humaines dans les postes \u00e0 l\u2019\u00e9tranger.<br>Plus de 55 agents des services centraux, cumulant entre 10 et 30 ann\u00e9es d\u2019exp\u00e9rience, ont \u00e9t\u00e9 promus ou transf\u00e9r\u00e9s vers des postes diplomatiques \u00e0 l\u2019ext\u00e9rieur. Ces nominations ont \u00e9t\u00e9 faites sur des crit\u00e8res de m\u00e9rite et d\u2019anciennet\u00e9, selon le communiqu\u00e9 officiel.<br>Par ailleurs, le minist\u00e8re, en collaboration avec l\u2019Office de Management des Ressources Humaines (OMRH), a proc\u00e9d\u00e9 \u00e0 la titularisation de 229 employ\u00e9s contractuels, tout en int\u00e9grant 28 nouveaux diplomates issus de la promotion 2023-2025 de l\u2019Acad\u00e9mie Diplomatique Jean Price-Mars.<br>Dans la perspective de moderniser la diplomatie ha\u00eftienne, le MAE entend mettre en \u0153uvre son plan baptis\u00e9 \u00ab Quinze ans en quinze mois \u00bb, qui comprend plusieurs chantiers majeurs :<br>\u2022 L\u2019adoption de nouveaux d\u00e9crets relatifs \u00e0 l\u2019organisation interne, \u00e0 la carri\u00e8re diplomatique et \u00e0 la gestion des passeports officiels ;<br>\u2022 La cr\u00e9ation de p\u00f4les g\u00e9opolitiques r\u00e9gionaux ;<br>\u2022 La refonte des proc\u00e9dures administratives et financi\u00e8res des services ;<br>\u2022 La modernisation des archives ;<br>\u2022 L\u2019am\u00e9lioration des conditions de travail du personnel.<br>Cette r\u00e9forme s\u2019inscrit dans le cadre du budget de fonctionnement du minist\u00e8re pour l\u2019exercice fiscal 2024-2025, et vise \u00e0 rendre la diplomatie ha\u00eftienne plus efficace, plus coh\u00e9rente et plus r\u00e9active face aux enjeux g\u00e9opolitiques actuels.<\/p>\n","protected":false},"excerpt":{"rendered":"<p>Port-au-Prince, 25 mai 2025 \u2014 Le Minist\u00e8re des Affaires \u00c9trang\u00e8res (MAE) a annonc\u00e9 ce samedi une s\u00e9rie de<\/p>\n","protected":false},"author":1,"featured_media":0,"comment_status":"open","ping_status":"open","sticky":false,"template":"","format":"standard","meta":{"_daextrevo_audio_file_creation_date":"","_daextrevo_text_to_speech":"","_daextrevo_document_type":"","_jetpack_memberships_contains_paid_content":false,"footnotes":""},"categories":[1,16,9,20,7,10],"tags":[],"class_list":["post-555","post","type-post","status-publish","format-standard","hentry","category-actualites","category-diplomatie","category-international","category-migration","category-politique","category-securite"],"jetpack_sharing_enabled":true,"jetpack_featured_media_url":"","_links":{"self":[{"href":"https:\/\/radioteleds.com\/index.php\/wp-json\/wp\/v2\/posts\/555"}],"collection":[{"href":"https:\/\/radioteleds.com\/index.php\/wp-json\/wp\/v2\/posts"}],"about":[{"href":"https:\/\/radioteleds.com\/index.php\/wp-json\/wp\/v2\/types\/post"}],"author":[{"embeddable":true,"href":"https:\/\/radioteleds.com\/index.php\/wp-json\/wp\/v2\/users\/1"}],"replies":[{"embeddable":true,"href":"https:\/\/radioteleds.com\/index.php\/wp-json\/wp\/v2\/comments?post=555"}],"version-history":[{"count":1,"href":"https:\/\/radioteleds.com\/index.php\/wp-json\/wp\/v2\/posts\/555\/revisions"}],"predecessor-version":[{"id":556,"href":"https:\/\/radioteleds.com\/index.php\/wp-json\/wp\/v2\/posts\/555\/revisions\/556"}],"wp:attachment":[{"href":"https:\/\/radioteleds.com\/index.php\/wp-json\/wp\/v2\/media?parent=555"}],"wp:term":[{"taxonomy":"category","embeddable":true,"href":"https:\/\/radioteleds.com\/index.php\/wp-json\/wp\/v2\/categories?post=555"},{"taxonomy":"post_tag","embeddable":true,"href":"https:\/\/radioteleds.com\/index.php\/wp-json\/wp\/v2\/tags?post=555"}],"curies":[{"name":"wp","href":"https:\/\/api.w.org\/{rel}","templated":true}]}}