{"id":557,"date":"2025-05-31T23:30:18","date_gmt":"2025-05-31T21:30:18","guid":{"rendered":"https:\/\/radioteleds.com\/?p=557"},"modified":"2025-05-31T23:30:23","modified_gmt":"2025-05-31T21:30:23","slug":"haiti-constitution-elections-et-securite-nationale-au-centre-des-priorites-du-premier-ministre-fils-aime","status":"publish","type":"post","link":"https:\/\/radioteleds.com\/index.php\/2025\/05\/31\/haiti-constitution-elections-et-securite-nationale-au-centre-des-priorites-du-premier-ministre-fils-aime\/","title":{"rendered":"Ha\u00efti : Constitution, \u00e9lections et s\u00e9curit\u00e9 nationale au centre des priorit\u00e9s du Premier ministre Fils-Aim\u00e9"},"content":{"rendered":"\n<figure class=\"wp-block-image size-large\"><img data-recalc-dims=\"1\" fetchpriority=\"high\" decoding=\"async\" width=\"640\" height=\"411\" src=\"https:\/\/i0.wp.com\/radioteleds.com\/wp-content\/uploads\/2024\/10\/IMG_5214.jpeg?resize=640%2C411&#038;ssl=1\" alt=\"\" class=\"wp-image-230\" srcset=\"https:\/\/i0.wp.com\/radioteleds.com\/wp-content\/uploads\/2024\/10\/IMG_5214.jpeg?resize=1024%2C658&amp;ssl=1 1024w, https:\/\/i0.wp.com\/radioteleds.com\/wp-content\/uploads\/2024\/10\/IMG_5214.jpeg?resize=300%2C193&amp;ssl=1 300w, https:\/\/i0.wp.com\/radioteleds.com\/wp-content\/uploads\/2024\/10\/IMG_5214.jpeg?resize=768%2C494&amp;ssl=1 768w, https:\/\/i0.wp.com\/radioteleds.com\/wp-content\/uploads\/2024\/10\/IMG_5214.jpeg?w=1280&amp;ssl=1 1280w\" sizes=\"(max-width: 640px) 100vw, 640px\" \/><\/figure>\n\n\n\n<p>Port-au-Prince, 30 mai 2025 \u2014 Par la R\u00e9daction de M\u00e9tronome<\/p>\n\n\n\n<p>Le Premier ministre ha\u00eftien, Alix Didier Fils-Aim\u00e9, semble r\u00e9solu \u00e0 imprimer sa marque sur le processus de transition d\u00e9mocratique du pays. Entour\u00e9 des membres du Conseil \u00c9lectoral Provisoire (CEP), le chef du gouvernement multiplie les initiatives visant \u00e0 garantir la tenue du r\u00e9f\u00e9rendum constitutionnel et des prochaines \u00e9lections g\u00e9n\u00e9rales.<\/p>\n\n\n\n<p>Ce jeudi, une visite technique a \u00e9t\u00e9 organis\u00e9e dans le centre de stockage du mat\u00e9riel \u00e9lectoral, une d\u00e9marche visant \u00e0 rassurer l\u2019opinion sur l\u2019\u00e9tat d\u2019avancement des pr\u00e9paratifs. Selon les informations disponibles, plus de 15 000 tablettes \u00e9lectroniques destin\u00e9es \u00e0 l\u2019enregistrement des \u00e9lecteurs sont d\u00e9j\u00e0 pr\u00eates. Neuf conteneurs remplis de mat\u00e9riel \u00e9lectoral \u2014 soigneusement class\u00e9s par d\u00e9partement \u2014 n\u2019attendent que leur d\u00e9ploiement.<\/p>\n\n\n\n<p>Le gouvernement affirme \u00e9galement avoir r\u00e9alis\u00e9 une \u00e9conomie significative gr\u00e2ce \u00e0 un stock d\u2019\u00e9quipements strat\u00e9giques acquis depuis 2021, comprenant urnes, isoloirs, lampes, crayons de cire et encre ind\u00e9l\u00e9bile. Cette gestion anticip\u00e9e aurait permis d\u2019\u00e9conomiser plus de 400 millions de gourdes, un geste salu\u00e9 dans un contexte budg\u00e9taire tendu.<\/p>\n\n\n\n<p>Ces mesures concr\u00e8tes traduisent, selon les autorit\u00e9s, une volont\u00e9 claire de r\u00e9tablir l\u2019ordre constitutionnel, d\u2019\u00e9largir la participation citoyenne et de garantir la transparence du processus \u00e9lectoral.<\/p>\n\n\n\n<p>Mais au-del\u00e0 de la question \u00e9lectorale, c\u2019est l\u2019urgence s\u00e9curitaire qui occupe \u00e9galement une place centrale dans l\u2019agenda du Premier ministre. Face \u00e0 une violence persistante et \u00e0 l\u2019emprise des groupes arm\u00e9s sur plusieurs zones du territoire, Alix Didier Fils-Aim\u00e9 promet de doter le pays de forces arm\u00e9es modernes, disciplin\u00e9es et professionnelles, aptes \u00e0 r\u00e9pondre aux menaces actuelles.<\/p>\n\n\n\n<p>Ce double engagement, \u00e0 la fois d\u00e9mocratique et s\u00e9curitaire, est pr\u00e9sent\u00e9 comme le socle sur lequel le gouvernement entend reconstruire la stabilit\u00e9 nationale. Le chef du gouvernement appelle ainsi \u00e0 un sursaut collectif pour ramener la paix, restaurer l\u2019autorit\u00e9 de l\u2019\u00c9tat et redonner confiance \u00e0 un peuple trop longtemps \u00e9prouv\u00e9 par la crise.<\/p>\n\n\n\n<p>Le retour \u00e0 l\u2019ordre, la consolidation des institutions et la souverainet\u00e9 populaire sont d\u00e9sormais les priorit\u00e9s affich\u00e9es d\u2019un pouvoir en qu\u00eate de l\u00e9gitimit\u00e9. Reste \u00e0 voir si ces engagements ambitieux parviendront \u00e0 se traduire dans les faits.<\/p>\n","protected":false},"excerpt":{"rendered":"<p>Port-au-Prince, 30 mai 2025 \u2014 Par la R\u00e9daction de M\u00e9tronome Le Premier ministre ha\u00eftien, Alix Didier Fils-Aim\u00e9, semble<\/p>\n","protected":false},"author":1,"featured_media":0,"comment_status":"open","ping_status":"open","sticky":false,"template":"","format":"standard","meta":{"_daextrevo_audio_file_creation_date":"","_daextrevo_text_to_speech":"","_daextrevo_document_type":"","_jetpack_memberships_contains_paid_content":false,"footnotes":""},"categories":[1,18,7],"tags":[],"class_list":["post-557","post","type-post","status-publish","format-standard","hentry","category-actualites","category-election","category-politique"],"jetpack_sharing_enabled":true,"jetpack_featured_media_url":"","_links":{"self":[{"href":"https:\/\/radioteleds.com\/index.php\/wp-json\/wp\/v2\/posts\/557"}],"collection":[{"href":"https:\/\/radioteleds.com\/index.php\/wp-json\/wp\/v2\/posts"}],"about":[{"href":"https:\/\/radioteleds.com\/index.php\/wp-json\/wp\/v2\/types\/post"}],"author":[{"embeddable":true,"href":"https:\/\/radioteleds.com\/index.php\/wp-json\/wp\/v2\/users\/1"}],"replies":[{"embeddable":true,"href":"https:\/\/radioteleds.com\/index.php\/wp-json\/wp\/v2\/comments?post=557"}],"version-history":[{"count":1,"href":"https:\/\/radioteleds.com\/index.php\/wp-json\/wp\/v2\/posts\/557\/revisions"}],"predecessor-version":[{"id":558,"href":"https:\/\/radioteleds.com\/index.php\/wp-json\/wp\/v2\/posts\/557\/revisions\/558"}],"wp:attachment":[{"href":"https:\/\/radioteleds.com\/index.php\/wp-json\/wp\/v2\/media?parent=557"}],"wp:term":[{"taxonomy":"category","embeddable":true,"href":"https:\/\/radioteleds.com\/index.php\/wp-json\/wp\/v2\/categories?post=557"},{"taxonomy":"post_tag","embeddable":true,"href":"https:\/\/radioteleds.com\/index.php\/wp-json\/wp\/v2\/tags?post=557"}],"curies":[{"name":"wp","href":"https:\/\/api.w.org\/{rel}","templated":true}]}}