{"id":559,"date":"2025-06-27T13:29:11","date_gmt":"2025-06-27T11:29:11","guid":{"rendered":"https:\/\/radioteleds.com\/?p=559"},"modified":"2025-06-27T13:29:16","modified_gmt":"2025-06-27T11:29:16","slug":"le-menfp-commence-la-distribution-de-34-159-cheques-representant-4-mois-dallocations-pour-les-enseignants-et-employes-administratifs","status":"publish","type":"post","link":"https:\/\/radioteleds.com\/index.php\/2025\/06\/27\/le-menfp-commence-la-distribution-de-34-159-cheques-representant-4-mois-dallocations-pour-les-enseignants-et-employes-administratifs\/","title":{"rendered":"Le MENFP commence la distribution de 34 159 ch\u00e8ques repr\u00e9sentant 4 mois d\u2019allocations pour les enseignants et employ\u00e9s administratifs"},"content":{"rendered":"\n<figure class=\"wp-block-image size-full\"><img data-recalc-dims=\"1\" fetchpriority=\"high\" decoding=\"async\" width=\"640\" height=\"400\" src=\"https:\/\/i0.wp.com\/radioteleds.com\/wp-content\/uploads\/2024\/10\/IMG_5093.jpeg?resize=640%2C400&#038;ssl=1\" alt=\"\" class=\"wp-image-216\" srcset=\"https:\/\/i0.wp.com\/radioteleds.com\/wp-content\/uploads\/2024\/10\/IMG_5093.jpeg?w=800&amp;ssl=1 800w, https:\/\/i0.wp.com\/radioteleds.com\/wp-content\/uploads\/2024\/10\/IMG_5093.jpeg?resize=300%2C188&amp;ssl=1 300w, https:\/\/i0.wp.com\/radioteleds.com\/wp-content\/uploads\/2024\/10\/IMG_5093.jpeg?resize=768%2C480&amp;ssl=1 768w\" sizes=\"(max-width: 640px) 100vw, 640px\" \/><\/figure>\n\n\n\n<p>Port-au-Prince, 26 juin 2025 \u2014 Dans l\u2019attente de la mise en service compl\u00e8te du syst\u00e8me de cartes de d\u00e9bit promis aux enseignants, le Minist\u00e8re de l\u2019\u00c9ducation Nationale et de la Formation Professionnelle (MENFP) a entam\u00e9 la distribution de 34 159 ch\u00e8ques couvrant quatre mois d\u2019allocations, au b\u00e9n\u00e9fice de ses personnels enseignants et administratifs \u00e0 travers tout le pays.<\/p>\n\n\n\n<p>Cette d\u00e9cision, selon le ministre de l\u2019\u00c9ducation, Augustin Antoine, s\u2019inscrit dans le cadre du respect des engagements pris par le minist\u00e8re dans l\u2019accord sign\u00e9 le 20 janvier 2025 avec les plateformes syndicales des enseignants. Elle vise \u00e0 r\u00e9pondre \u00e0 l\u2019impatience croissante des syndicats, qui attendaient depuis plus de deux mois l\u2019application concr\u00e8te de ces engagements.<\/p>\n\n\n\n<p>\u00ab Nous ne voulions pas faire durer davantage l\u2019attente des syndicats. Cette distribution est une mesure provisoire, le temps que la BNC \u2014 notre partenaire technique \u2014 finalise les dispositions s\u00e9curitaires pour garantir l\u2019utilisation des cartes de d\u00e9bit par les b\u00e9n\u00e9ficiaires sans risques \u00bb, a d\u00e9clar\u00e9 le ministre Antoine.<\/p>\n\n\n\n<p>Une allocation mensuelle de 15 000 gourdes toujours pr\u00e9vue<\/p>\n\n\n\n<p>Le ministre a pr\u00e9cis\u00e9 que cette op\u00e9ration ponctuelle de distribution de ch\u00e8ques ne remet pas en cause l\u2019objectif initial : remettre \u00e0 chaque enseignant une carte de d\u00e9bit cr\u00e9dit\u00e9e chaque mois de 15 000 gourdes, en conformit\u00e9 avec les termes de l\u2019accord de janvier.<\/p>\n\n\n\n<p>En attendant, le versement des quatre mois d\u2019allocation par ch\u00e8que permettra de d\u00e9bloquer une situation de tension sociale persistante dans le secteur \u00e9ducatif.<\/p>\n\n\n\n<p>Contr\u00f4le strict lors de la distribution<\/p>\n\n\n\n<p>Le MENFP a appel\u00e9 \u00e0 la vigilance dans le processus de distribution. Les directeurs d\u00e9partementaux de l\u2019\u00c9ducation ont \u00e9t\u00e9 formellement instruits pour que seuls les v\u00e9ritables b\u00e9n\u00e9ficiaires puissent retirer leur ch\u00e8que. Aucune tierce personne ne sera autoris\u00e9e \u00e0 retirer un ch\u00e8que au nom d\u2019un autre, a insist\u00e9 le ministre, qui souhaite ainsi garantir la transparence et la cr\u00e9dibilit\u00e9 de l\u2019op\u00e9ration.<\/p>\n\n\n\n<p>Le ministre Antoine a \u00e9galement tenu \u00e0 remercier les autorit\u00e9s pr\u00e9sidentielles, le chef du gouvernement ainsi que le ministre de l\u2019\u00c9conomie et des Finances, pour leur implication dans la mise \u00e0 disposition des fonds n\u00e9cessaires. Il a rappel\u00e9 que l\u2019\u00c9tat a mobilis\u00e9 les ressources afin d\u2019alimenter les plus de 34 000 cartes de d\u00e9bit pr\u00e9vues pour l\u2019ann\u00e9e fiscale 2025-2025<\/p>\n","protected":false},"excerpt":{"rendered":"<p>Port-au-Prince, 26 juin 2025 \u2014 Dans l\u2019attente de la mise en service compl\u00e8te du syst\u00e8me de cartes de<\/p>\n","protected":false},"author":1,"featured_media":0,"comment_status":"open","ping_status":"open","sticky":false,"template":"","format":"standard","meta":{"_daextrevo_audio_file_creation_date":"","_daextrevo_text_to_speech":"","_daextrevo_document_type":"","_jetpack_memberships_contains_paid_content":false,"footnotes":""},"categories":[1,11,7],"tags":[],"class_list":["post-559","post","type-post","status-publish","format-standard","hentry","category-actualites","category-education","category-politique"],"jetpack_sharing_enabled":true,"jetpack_featured_media_url":"","_links":{"self":[{"href":"https:\/\/radioteleds.com\/index.php\/wp-json\/wp\/v2\/posts\/559"}],"collection":[{"href":"https:\/\/radioteleds.com\/index.php\/wp-json\/wp\/v2\/posts"}],"about":[{"href":"https:\/\/radioteleds.com\/index.php\/wp-json\/wp\/v2\/types\/post"}],"author":[{"embeddable":true,"href":"https:\/\/radioteleds.com\/index.php\/wp-json\/wp\/v2\/users\/1"}],"replies":[{"embeddable":true,"href":"https:\/\/radioteleds.com\/index.php\/wp-json\/wp\/v2\/comments?post=559"}],"version-history":[{"count":1,"href":"https:\/\/radioteleds.com\/index.php\/wp-json\/wp\/v2\/posts\/559\/revisions"}],"predecessor-version":[{"id":560,"href":"https:\/\/radioteleds.com\/index.php\/wp-json\/wp\/v2\/posts\/559\/revisions\/560"}],"wp:attachment":[{"href":"https:\/\/radioteleds.com\/index.php\/wp-json\/wp\/v2\/media?parent=559"}],"wp:term":[{"taxonomy":"category","embeddable":true,"href":"https:\/\/radioteleds.com\/index.php\/wp-json\/wp\/v2\/categories?post=559"},{"taxonomy":"post_tag","embeddable":true,"href":"https:\/\/radioteleds.com\/index.php\/wp-json\/wp\/v2\/tags?post=559"}],"curies":[{"name":"wp","href":"https:\/\/api.w.org\/{rel}","templated":true}]}}