{"id":567,"date":"2025-07-19T01:33:23","date_gmt":"2025-07-18T23:33:23","guid":{"rendered":"https:\/\/radioteleds.com\/?p=567"},"modified":"2025-07-19T01:33:26","modified_gmt":"2025-07-18T23:33:26","slug":"le-president-colombien-gustavo-petro-en-visite-officielle-en-haiti-pour-la-seconde-fois-en-2025","status":"publish","type":"post","link":"https:\/\/radioteleds.com\/index.php\/2025\/07\/19\/le-president-colombien-gustavo-petro-en-visite-officielle-en-haiti-pour-la-seconde-fois-en-2025\/","title":{"rendered":"Le pr\u00e9sident colombien Gustavo Petro en visite officielle en Ha\u00efti pour la seconde fois en 2025"},"content":{"rendered":"\n<figure class=\"wp-block-image size-large\"><img data-recalc-dims=\"1\" fetchpriority=\"high\" decoding=\"async\" width=\"640\" height=\"360\" src=\"https:\/\/i0.wp.com\/radioteleds.com\/wp-content\/uploads\/2025\/07\/IMG_7981.webp?resize=640%2C360&#038;ssl=1\" alt=\"\" class=\"wp-image-568\" srcset=\"https:\/\/i0.wp.com\/radioteleds.com\/wp-content\/uploads\/2025\/07\/IMG_7981.webp?resize=1024%2C576&amp;ssl=1 1024w, https:\/\/i0.wp.com\/radioteleds.com\/wp-content\/uploads\/2025\/07\/IMG_7981.webp?resize=300%2C169&amp;ssl=1 300w, https:\/\/i0.wp.com\/radioteleds.com\/wp-content\/uploads\/2025\/07\/IMG_7981.webp?resize=768%2C432&amp;ssl=1 768w, https:\/\/i0.wp.com\/radioteleds.com\/wp-content\/uploads\/2025\/07\/IMG_7981.webp?w=1280&amp;ssl=1 1280w\" sizes=\"(max-width: 640px) 100vw, 640px\" \/><\/figure>\n\n\n\n<p>Port-au-Prince, 18 juillet 2025<\/p>\n\n\n\n<p>Le pr\u00e9sident colombien Gustavo Petro est arriv\u00e9 ce vendredi \u00e0 Port-au-Prince pour une visite officielle marquant son second d\u00e9placement en Ha\u00efti cette ann\u00e9e. Re\u00e7u \u00e0 l\u2019a\u00e9roport international Toussaint Louverture par les membres du Conseil pr\u00e9sidentiel de transition, Petro est accompagn\u00e9 de deux de ses principaux ministres. Son arriv\u00e9e co\u00efncide avec l\u2019inauguration officielle de la nouvelle ambassade de Colombie dans la capitale ha\u00eftienne.<\/p>\n\n\n\n<p>Cette visite rev\u00eat une forte charge symbolique \u00e0 l\u2019approche du 20 juillet, jour de l\u2019ind\u00e9pendance de la Colombie, une date historiquement li\u00e9e \u00e0 l\u2019aide fournie par Ha\u00efti \u00e0 la lutte pour la lib\u00e9ration des pays sud-am\u00e9ricains du joug espagnol. Pour Petro, qui fait face \u00e0 une s\u00e9rie de turbulences politiques et de critiques sur la sc\u00e8ne internationale, cette visite en Ha\u00efti repr\u00e9sente une tentative de repositionnement diplomatique \u00e0 travers une strat\u00e9gie de rapprochement avec des partenaires historiques de la r\u00e9gion.<\/p>\n\n\n\n<figure class=\"wp-block-image size-large\"><img data-recalc-dims=\"1\" decoding=\"async\" width=\"640\" height=\"490\" src=\"https:\/\/i0.wp.com\/radioteleds.com\/wp-content\/uploads\/2025\/07\/08321405-0583-49af-8574-629668998586.jpeg?resize=640%2C490&#038;ssl=1\" alt=\"\" class=\"wp-image-569\" srcset=\"https:\/\/i0.wp.com\/radioteleds.com\/wp-content\/uploads\/2025\/07\/08321405-0583-49af-8574-629668998586.jpeg?resize=1024%2C784&amp;ssl=1 1024w, https:\/\/i0.wp.com\/radioteleds.com\/wp-content\/uploads\/2025\/07\/08321405-0583-49af-8574-629668998586.jpeg?resize=300%2C230&amp;ssl=1 300w, https:\/\/i0.wp.com\/radioteleds.com\/wp-content\/uploads\/2025\/07\/08321405-0583-49af-8574-629668998586.jpeg?resize=768%2C588&amp;ssl=1 768w, https:\/\/i0.wp.com\/radioteleds.com\/wp-content\/uploads\/2025\/07\/08321405-0583-49af-8574-629668998586.jpeg?w=1080&amp;ssl=1 1080w\" sizes=\"(max-width: 640px) 100vw, 640px\" \/><\/figure>\n\n\n\n<p>Selon des sources diplomatiques, le pr\u00e9sident colombien aurait profit\u00e9 de cette occasion pour relancer les discussions entam\u00e9es en janvier dernier \u00e0 Jacmel, o\u00f9 il avait rencontr\u00e9 les autorit\u00e9s ha\u00eftiennes. Parmi les dossiers \u00e9voqu\u00e9s figurent la formation militaire de 1 000 jeunes Ha\u00eftiens en Colombie et des accords bilat\u00e9raux autour de l\u2019achat d\u2019armes. Petro pr\u00e9voit \u00e9galement de passer la nuit dans un h\u00f4tel s\u00e9curis\u00e9 de la capitale, un geste fort dans un contexte o\u00f9 Port-au-Prince reste largement sous le contr\u00f4le de groupes arm\u00e9s.<\/p>\n\n\n\n<p><\/p>\n\n\n\n<p>Sur le plan international, cette visite intervient alors que Petro fait face \u00e0 des tensions croissantes avec l\u2019administration Trump. Ses relations conflictuelles avec Washington, notamment avec le pr\u00e9sident am\u00e9ricain et le secr\u00e9taire d\u2019\u00c9tat Marco Rubio, ont contribu\u00e9 \u00e0 l\u2019isoler sur certains dossiers majeurs. Des experts estiment toutefois que Petro voit dans l\u2019engagement en Ha\u00efti une opportunit\u00e9 de redorer son image \u00e0 l\u2019\u00e9chelle r\u00e9gionale et de s\u2019afficher comme un d\u00e9fenseur de la solidarit\u00e9 latino-am\u00e9ricaine.<\/p>\n\n\n\n<p>Alors que la communaut\u00e9 internationale peine \u00e0 mobiliser un soutien effectif pour aider Ha\u00efti \u00e0 sortir de sa crise s\u00e9curitaire, cette d\u00e9marche de la Colombie, bien qu\u2019encore modeste, pourrait inspirer d\u2019autres nations de la r\u00e9gion. Le pr\u00e9sident Petro semble ainsi vouloir inscrire son nom dans une nouvelle page de la coop\u00e9ration Sud-Sud, en renouant avec un pays qui, jadis, avait contribu\u00e9 \u00e0 l\u2019\u00e9mancipation de son propre peuple.<\/p>\n","protected":false},"excerpt":{"rendered":"<p>Port-au-Prince, 18 juillet 2025 Le pr\u00e9sident colombien Gustavo Petro est arriv\u00e9 ce vendredi \u00e0 Port-au-Prince pour une visite<\/p>\n","protected":false},"author":1,"featured_media":0,"comment_status":"open","ping_status":"open","sticky":false,"template":"","format":"standard","meta":{"_daextrevo_audio_file_creation_date":"","_daextrevo_text_to_speech":"","_daextrevo_document_type":"","_jetpack_memberships_contains_paid_content":false,"footnotes":""},"categories":[1,16,9,7],"tags":[],"class_list":["post-567","post","type-post","status-publish","format-standard","hentry","category-actualites","category-diplomatie","category-international","category-politique"],"jetpack_sharing_enabled":true,"jetpack_featured_media_url":"","_links":{"self":[{"href":"https:\/\/radioteleds.com\/index.php\/wp-json\/wp\/v2\/posts\/567"}],"collection":[{"href":"https:\/\/radioteleds.com\/index.php\/wp-json\/wp\/v2\/posts"}],"about":[{"href":"https:\/\/radioteleds.com\/index.php\/wp-json\/wp\/v2\/types\/post"}],"author":[{"embeddable":true,"href":"https:\/\/radioteleds.com\/index.php\/wp-json\/wp\/v2\/users\/1"}],"replies":[{"embeddable":true,"href":"https:\/\/radioteleds.com\/index.php\/wp-json\/wp\/v2\/comments?post=567"}],"version-history":[{"count":1,"href":"https:\/\/radioteleds.com\/index.php\/wp-json\/wp\/v2\/posts\/567\/revisions"}],"predecessor-version":[{"id":570,"href":"https:\/\/radioteleds.com\/index.php\/wp-json\/wp\/v2\/posts\/567\/revisions\/570"}],"wp:attachment":[{"href":"https:\/\/radioteleds.com\/index.php\/wp-json\/wp\/v2\/media?parent=567"}],"wp:term":[{"taxonomy":"category","embeddable":true,"href":"https:\/\/radioteleds.com\/index.php\/wp-json\/wp\/v2\/categories?post=567"},{"taxonomy":"post_tag","embeddable":true,"href":"https:\/\/radioteleds.com\/index.php\/wp-json\/wp\/v2\/tags?post=567"}],"curies":[{"name":"wp","href":"https:\/\/api.w.org\/{rel}","templated":true}]}}