{"id":582,"date":"2025-09-16T02:12:02","date_gmt":"2025-09-16T00:12:02","guid":{"rendered":"https:\/\/radioteleds.com\/?p=582"},"modified":"2025-09-16T02:12:06","modified_gmt":"2025-09-16T00:12:06","slug":"francesse-baptisme-elue-pour-faire-entendre-la-voix-des-jeunes-a-la-cpp","status":"publish","type":"post","link":"https:\/\/radioteleds.com\/index.php\/2025\/09\/16\/francesse-baptisme-elue-pour-faire-entendre-la-voix-des-jeunes-a-la-cpp\/","title":{"rendered":"Francesse Baptism\u00e9 \u00e9lue pour faire entendre la voix des jeunes \u00e0 la CPP"},"content":{"rendered":"\n<figure class=\"wp-block-image size-large\"><img data-recalc-dims=\"1\" fetchpriority=\"high\" decoding=\"async\" width=\"640\" height=\"951\" src=\"https:\/\/i0.wp.com\/radioteleds.com\/wp-content\/uploads\/2025\/09\/db6fe4a5-9bbb-4a18-b485-2aa73aef9357.jpeg?resize=640%2C951&#038;ssl=1\" alt=\"\" class=\"wp-image-583\" srcset=\"https:\/\/i0.wp.com\/radioteleds.com\/wp-content\/uploads\/2025\/09\/db6fe4a5-9bbb-4a18-b485-2aa73aef9357.jpeg?resize=689%2C1024&amp;ssl=1 689w, https:\/\/i0.wp.com\/radioteleds.com\/wp-content\/uploads\/2025\/09\/db6fe4a5-9bbb-4a18-b485-2aa73aef9357.jpeg?resize=202%2C300&amp;ssl=1 202w, https:\/\/i0.wp.com\/radioteleds.com\/wp-content\/uploads\/2025\/09\/db6fe4a5-9bbb-4a18-b485-2aa73aef9357.jpeg?resize=768%2C1141&amp;ssl=1 768w, https:\/\/i0.wp.com\/radioteleds.com\/wp-content\/uploads\/2025\/09\/db6fe4a5-9bbb-4a18-b485-2aa73aef9357.jpeg?w=828&amp;ssl=1 828w\" sizes=\"(max-width: 640px) 100vw, 640px\" \/><\/figure>\n\n\n\n<p>Le 14 septembre 2025, dans le cadre d\u2019un vote organis\u00e9 par l\u2019Initiative du 24 Avril, <em>Francesse Baptism\u00e9<\/em> a \u00e9t\u00e9 \u00e9lue repr\u00e9sentante du secteur jeunesse au sein de la Commission de Passation de Pouvoir (CPP).<\/p>\n\n\n\n<p>Connue pour son implication constante dans les luttes citoyennes, Francesse symbolise une jeunesse consciente, pr\u00eate \u00e0 s\u2019engager pour une transition d\u00e9mocratique en Ha\u00efti.<\/p>\n\n\n\n<figure class=\"wp-block-image size-large\"><img data-recalc-dims=\"1\" decoding=\"async\" width=\"640\" height=\"480\" src=\"https:\/\/i0.wp.com\/radioteleds.com\/wp-content\/uploads\/2025\/09\/61912ef8-6206-4c08-857f-fcc0b1550636.jpeg?resize=640%2C480&#038;ssl=1\" alt=\"\" class=\"wp-image-584\" srcset=\"https:\/\/i0.wp.com\/radioteleds.com\/wp-content\/uploads\/2025\/09\/61912ef8-6206-4c08-857f-fcc0b1550636.jpeg?resize=1024%2C768&amp;ssl=1 1024w, https:\/\/i0.wp.com\/radioteleds.com\/wp-content\/uploads\/2025\/09\/61912ef8-6206-4c08-857f-fcc0b1550636.jpeg?resize=300%2C225&amp;ssl=1 300w, https:\/\/i0.wp.com\/radioteleds.com\/wp-content\/uploads\/2025\/09\/61912ef8-6206-4c08-857f-fcc0b1550636.jpeg?resize=768%2C576&amp;ssl=1 768w, https:\/\/i0.wp.com\/radioteleds.com\/wp-content\/uploads\/2025\/09\/61912ef8-6206-4c08-857f-fcc0b1550636.jpeg?resize=1536%2C1152&amp;ssl=1 1536w, https:\/\/i0.wp.com\/radioteleds.com\/wp-content\/uploads\/2025\/09\/61912ef8-6206-4c08-857f-fcc0b1550636.jpeg?resize=2048%2C1536&amp;ssl=1 2048w, https:\/\/i0.wp.com\/radioteleds.com\/wp-content\/uploads\/2025\/09\/61912ef8-6206-4c08-857f-fcc0b1550636.jpeg?w=1280&amp;ssl=1 1280w, https:\/\/i0.wp.com\/radioteleds.com\/wp-content\/uploads\/2025\/09\/61912ef8-6206-4c08-857f-fcc0b1550636.jpeg?w=1920&amp;ssl=1 1920w\" sizes=\"(max-width: 640px) 100vw, 640px\" \/><\/figure>\n\n\n\n<p>\u00ab Ce n\u2019est pas une place d\u2019honneur, c\u2019est une responsabilit\u00e9 \u00bb, a-t-elle affirm\u00e9, d\u00e9termin\u00e9e \u00e0 d\u00e9fendre les int\u00e9r\u00eats des jeunes \u00e0 chaque \u00e9tape du processus.<\/p>\n\n\n\n<p>Avec cette \u00e9lection, une nouvelle page s\u2019ouvre pour la participation des jeunes dans les espaces de d\u00e9cision.<\/p>\n","protected":false},"excerpt":{"rendered":"<p>Le 14 septembre 2025, dans le cadre d\u2019un vote organis\u00e9 par l\u2019Initiative du 24 Avril, Francesse Baptism\u00e9 a<\/p>\n","protected":false},"author":1,"featured_media":0,"comment_status":"open","ping_status":"open","sticky":false,"template":"","format":"standard","meta":{"_daextrevo_audio_file_creation_date":"","_daextrevo_text_to_speech":"","_daextrevo_document_type":"","_jetpack_memberships_contains_paid_content":false,"footnotes":""},"categories":[1],"tags":[33,26,34,27],"class_list":["post-582","post","type-post","status-publish","format-standard","hentry","category-actualites","tag-insecurite","tag-politique","tag-pou-kile-nou-la","tag-securite"],"jetpack_sharing_enabled":true,"jetpack_featured_media_url":"","_links":{"self":[{"href":"https:\/\/radioteleds.com\/index.php\/wp-json\/wp\/v2\/posts\/582"}],"collection":[{"href":"https:\/\/radioteleds.com\/index.php\/wp-json\/wp\/v2\/posts"}],"about":[{"href":"https:\/\/radioteleds.com\/index.php\/wp-json\/wp\/v2\/types\/post"}],"author":[{"embeddable":true,"href":"https:\/\/radioteleds.com\/index.php\/wp-json\/wp\/v2\/users\/1"}],"replies":[{"embeddable":true,"href":"https:\/\/radioteleds.com\/index.php\/wp-json\/wp\/v2\/comments?post=582"}],"version-history":[{"count":1,"href":"https:\/\/radioteleds.com\/index.php\/wp-json\/wp\/v2\/posts\/582\/revisions"}],"predecessor-version":[{"id":585,"href":"https:\/\/radioteleds.com\/index.php\/wp-json\/wp\/v2\/posts\/582\/revisions\/585"}],"wp:attachment":[{"href":"https:\/\/radioteleds.com\/index.php\/wp-json\/wp\/v2\/media?parent=582"}],"wp:term":[{"taxonomy":"category","embeddable":true,"href":"https:\/\/radioteleds.com\/index.php\/wp-json\/wp\/v2\/categories?post=582"},{"taxonomy":"post_tag","embeddable":true,"href":"https:\/\/radioteleds.com\/index.php\/wp-json\/wp\/v2\/tags?post=582"}],"curies":[{"name":"wp","href":"https:\/\/api.w.org\/{rel}","templated":true}]}}