{"id":599,"date":"2025-12-11T21:25:14","date_gmt":"2025-12-11T20:25:14","guid":{"rendered":"https:\/\/radioteleds.com\/?p=599"},"modified":"2025-12-11T21:25:18","modified_gmt":"2025-12-11T20:25:18","slug":"haiti-le-konpa-officiellement-inscrit-au-patrimoine-immateriel-de-lhumanite-de-lunesco","status":"publish","type":"post","link":"https:\/\/radioteleds.com\/index.php\/2025\/12\/11\/haiti-le-konpa-officiellement-inscrit-au-patrimoine-immateriel-de-lhumanite-de-lunesco\/","title":{"rendered":"Ha\u00efti : Le Konpa officiellement inscrit au patrimoine immat\u00e9riel de l\u2019humanit\u00e9 de l\u2019UNESCO"},"content":{"rendered":"\n<figure class=\"wp-block-image size-large\"><img data-recalc-dims=\"1\" fetchpriority=\"high\" decoding=\"async\" width=\"640\" height=\"427\" src=\"https:\/\/i0.wp.com\/radioteleds.com\/wp-content\/uploads\/2025\/12\/IMG_8946.jpeg?resize=640%2C427&#038;ssl=1\" alt=\"\" class=\"wp-image-600\" srcset=\"https:\/\/i0.wp.com\/radioteleds.com\/wp-content\/uploads\/2025\/12\/IMG_8946.jpeg?resize=1024%2C683&amp;ssl=1 1024w, https:\/\/i0.wp.com\/radioteleds.com\/wp-content\/uploads\/2025\/12\/IMG_8946.jpeg?resize=300%2C200&amp;ssl=1 300w, https:\/\/i0.wp.com\/radioteleds.com\/wp-content\/uploads\/2025\/12\/IMG_8946.jpeg?resize=768%2C512&amp;ssl=1 768w, https:\/\/i0.wp.com\/radioteleds.com\/wp-content\/uploads\/2025\/12\/IMG_8946.jpeg?resize=1536%2C1024&amp;ssl=1 1536w, https:\/\/i0.wp.com\/radioteleds.com\/wp-content\/uploads\/2025\/12\/IMG_8946.jpeg?w=1600&amp;ssl=1 1600w, https:\/\/i0.wp.com\/radioteleds.com\/wp-content\/uploads\/2025\/12\/IMG_8946.jpeg?w=1280&amp;ssl=1 1280w\" sizes=\"(max-width: 640px) 100vw, 640px\" \/><\/figure>\n\n\n\n<p>Port-au-Prince, 10 d\u00e9cembre 2025 -L\u2019UNESCO a officialis\u00e9 ce mercredi l\u2019inscription du Konpa, rythme embl\u00e9matique d\u2019Ha\u00efti, sur la Liste repr\u00e9sentative du patrimoine culturel immat\u00e9riel de l\u2019humanit\u00e9. Cette d\u00e9cision marque une nouvelle \u00e9tape majeure pour la reconnaissance internationale de la culture ha\u00eftienne.<\/p>\n\n\n\n<p>Le gouvernement ha\u00eftien, par la voix du Premier ministre Alix Didier Fils-Aim\u00e9, salue \u00ab une cons\u00e9cration historique qui honore la m\u00e9moire, la lutte et la cr\u00e9ativit\u00e9 du peuple ha\u00eftien \u00bb. Il souligne que cette distinction confirme le r\u00f4le central du Konpa dans l\u2019identit\u00e9 nationale et son importance dans le paysage culturel mondial. Un nouvel accomplissement apr\u00e8s la Soup joumou<\/p>\n\n\n\n<p>Quatre ans apr\u00e8s l\u2019inscription de la Soup joumou -symbole d\u2019\u00e9mancipation et de victoire \u2014, Ha\u00efti voit \u00e0 nouveau un \u00e9l\u00e9ment majeur de sa culture recevoir une reconnaissance internationale. Le Konpa rejoint ainsi le cercle restreint des expressions culturelles ha\u00eftiennes inscrites au patrimoine immat\u00e9riel mondial.<\/p>\n\n\n\n<p>N\u00e9 dans les milieux populaires des ann\u00e9es 1950, le Konpa refl\u00e8te les \u00e9volutions sociales et artistiques d\u2019Ha\u00efti. Il synth\u00e9tise rythmes traditionnels, influences carib\u00e9ennes, africaines, europ\u00e9ennes et latino-am\u00e9ricaines. Depuis 2019, il figurait d\u00e9j\u00e0 sur le Registre national du patrimoine culturel immat\u00e9riel.<\/p>\n\n\n\n<p>Hommage \u00e0 Nemours Jean-Baptiste<\/p>\n\n\n\n<p>Cette inscription constitue \u00e9galement un hommage direct \u00e0 Nemours Jean-Baptiste, cr\u00e9ateur du Konpa Direct et figure fondatrice du genre. Son h\u00e9ritage musical, consid\u00e9r\u00e9 comme l\u2019un des plus importants du pays, a influenc\u00e9 des g\u00e9n\u00e9rations de musiciens et contribu\u00e9 \u00e0 faire rayonner Ha\u00efti sur les sc\u00e8nes internationales.<\/p>\n\n\n\n<p>Un patrimoine vivant et partag\u00e9<\/p>\n\n\n\n<p>Le minist\u00e8re de la Culture rappelle que cette reconnaissance mondiale valorise le travail de milliers d\u2019acteurs : musiciens, groupes, danseurs, ing\u00e9nieurs de son, enseignants, promoteurs culturels et membres de la diaspora qui, depuis plus de 60 ans, pr\u00e9servent et renouv\u00e8lent ce patrimoine vivant.<\/p>\n\n\n\n<p>Le Konpa occupe aujourd\u2019hui un r\u00f4le essentiel dans la vie sociale ha\u00eftienne, des c\u00e9l\u00e9brations populaires aux sc\u00e8nes professionnelles, en passant par les \u00e9changes culturels internationaux.<\/p>\n\n\n\n<p>Un outil pour le d\u00e9veloppement culturel et touristique<\/p>\n\n\n\n<p>Selon les autorit\u00e9s, l\u2019inscription du Konpa par l\u2019UNESCO repr\u00e9sente \u00e9galement une opportunit\u00e9 strat\u00e9gique pour renforcer les secteurs culturels et touristiques. Elle devrait encourager de nouveaux programmes de sauvegarde, de formation et de promotion, tout en soutenant la cr\u00e9ation artistique.<\/p>\n\n\n\n<p>Cette d\u00e9cision ouvre, selon le gouvernement, \u00ab une nouvelle \u00e8re o\u00f9 l\u2019art ha\u00eftien trouve un espace de reconnaissance mondiale, et o\u00f9 le patrimoine culturel devient un levier pour l\u2019avenir \u00bb.<\/p>\n\n\n\n<p>Avec cette distinction, Ha\u00efti voit s\u2019accro\u00eetre le rayonnement international de sa culture, tandis que le Konpa s\u2019impose d\u00e9sormais comme l\u2019un des symboles majeurs de l\u2019h\u00e9ritage immat\u00e9riel du pays<\/p>\n\n\n\n<p><\/p>\n","protected":false},"excerpt":{"rendered":"<p>Port-au-Prince, 10 d\u00e9cembre 2025 -L\u2019UNESCO a officialis\u00e9 ce mercredi l\u2019inscription du Konpa, rythme embl\u00e9matique d\u2019Ha\u00efti, sur la Liste<\/p>\n","protected":false},"author":1,"featured_media":0,"comment_status":"open","ping_status":"open","sticky":false,"template":"","format":"standard","meta":{"_daextrevo_audio_file_creation_date":"","_daextrevo_text_to_speech":"","_daextrevo_document_type":"","_jetpack_memberships_contains_paid_content":false,"footnotes":""},"categories":[1,8,9],"tags":[],"class_list":["post-599","post","type-post","status-publish","format-standard","hentry","category-actualites","category-culture","category-international"],"jetpack_sharing_enabled":true,"jetpack_featured_media_url":"","_links":{"self":[{"href":"https:\/\/radioteleds.com\/index.php\/wp-json\/wp\/v2\/posts\/599"}],"collection":[{"href":"https:\/\/radioteleds.com\/index.php\/wp-json\/wp\/v2\/posts"}],"about":[{"href":"https:\/\/radioteleds.com\/index.php\/wp-json\/wp\/v2\/types\/post"}],"author":[{"embeddable":true,"href":"https:\/\/radioteleds.com\/index.php\/wp-json\/wp\/v2\/users\/1"}],"replies":[{"embeddable":true,"href":"https:\/\/radioteleds.com\/index.php\/wp-json\/wp\/v2\/comments?post=599"}],"version-history":[{"count":1,"href":"https:\/\/radioteleds.com\/index.php\/wp-json\/wp\/v2\/posts\/599\/revisions"}],"predecessor-version":[{"id":601,"href":"https:\/\/radioteleds.com\/index.php\/wp-json\/wp\/v2\/posts\/599\/revisions\/601"}],"wp:attachment":[{"href":"https:\/\/radioteleds.com\/index.php\/wp-json\/wp\/v2\/media?parent=599"}],"wp:term":[{"taxonomy":"category","embeddable":true,"href":"https:\/\/radioteleds.com\/index.php\/wp-json\/wp\/v2\/categories?post=599"},{"taxonomy":"post_tag","embeddable":true,"href":"https:\/\/radioteleds.com\/index.php\/wp-json\/wp\/v2\/tags?post=599"}],"curies":[{"name":"wp","href":"https:\/\/api.w.org\/{rel}","templated":true}]}}