{"id":650,"date":"2026-01-21T14:34:13","date_gmt":"2026-01-21T13:34:13","guid":{"rendered":"https:\/\/radioteleds.com\/?p=650"},"modified":"2026-01-21T14:34:17","modified_gmt":"2026-01-21T13:34:17","slug":"plusieurs-quartiers-de-port-au-prince-plonges-dans-une-vive-tension-ce-21-janvier","status":"publish","type":"post","link":"https:\/\/radioteleds.com\/index.php\/2026\/01\/21\/plusieurs-quartiers-de-port-au-prince-plonges-dans-une-vive-tension-ce-21-janvier\/","title":{"rendered":"Plusieurs quartiers de Port-au-Prince plong\u00e9s dans une vive tension ce 21 janvier"},"content":{"rendered":"\n<figure class=\"wp-block-image size-full\"><img data-recalc-dims=\"1\" fetchpriority=\"high\" decoding=\"async\" width=\"640\" height=\"480\" src=\"https:\/\/i0.wp.com\/radioteleds.com\/wp-content\/uploads\/2026\/01\/Banque-Carte-de-credit-Flux-du-Processus_20260121_082638_0000.png?resize=640%2C480&#038;ssl=1\" alt=\"\" class=\"wp-image-651\" srcset=\"https:\/\/i0.wp.com\/radioteleds.com\/wp-content\/uploads\/2026\/01\/Banque-Carte-de-credit-Flux-du-Processus_20260121_082638_0000.png?w=1024&amp;ssl=1 1024w, https:\/\/i0.wp.com\/radioteleds.com\/wp-content\/uploads\/2026\/01\/Banque-Carte-de-credit-Flux-du-Processus_20260121_082638_0000.png?resize=300%2C225&amp;ssl=1 300w, https:\/\/i0.wp.com\/radioteleds.com\/wp-content\/uploads\/2026\/01\/Banque-Carte-de-credit-Flux-du-Processus_20260121_082638_0000.png?resize=768%2C576&amp;ssl=1 768w\" sizes=\"(max-width: 640px) 100vw, 640px\" \/><\/figure>\n\n\n\n<p>Port-au-Prince, 21 janvier \u2014 Une atmosph\u00e8re de forte tension a r\u00e9gn\u00e9 ce mardi dans plusieurs quartiers de la capitale ha\u00eftienne, notamment \u00e0 Juv\u00e9nat, Boudon et Delmas. D\u00e8s les premi\u00e8res heures de la journ\u00e9e, des mouvements de panique ont \u00e9t\u00e9 signal\u00e9s, perturbant les activit\u00e9s quotidiennes des habitants.<\/p>\n\n\n\n<p><br>Selon des t\u00e9moignages recueillis sur place, des tirs sporadiques et des barricades \u00e9rig\u00e9es sur certains axes routiers ont provoqu\u00e9 la paralysie partielle de la circulation. De nombreuses \u00e9coles, commerces et entreprises ont \u00e9t\u00e9 contraints de fermer leurs portes par mesure de pr\u00e9caution, tandis que plusieurs r\u00e9sidents ont pr\u00e9f\u00e9r\u00e9 rester confin\u00e9s chez eux.<\/p>\n\n\n\n<p><br>\u00c0 Juv\u00e9nat et Boudon, la situation a \u00e9t\u00e9 particuli\u00e8rement tendue, avec une pr\u00e9sence accrue de groupes arm\u00e9s signal\u00e9e par les riverains. \u00c0 Delmas, plusieurs zones ont \u00e9galement connu des perturbations, rendant les d\u00e9placements difficiles et accentuant le climat d\u2019ins\u00e9curit\u00e9.<\/p>\n\n\n\n<p><br>Jusqu\u2019\u00e0 pr\u00e9sent, aucune communication officielle d\u00e9taill\u00e9e n\u2019a \u00e9t\u00e9 faite par les autorit\u00e9s sur l\u2019ampleur exacte des incidents. Toutefois, la population continue d\u2019appeler \u00e0 un retour rapide au calme et \u00e0 des mesures concr\u00e8tes pour garantir la s\u00e9curit\u00e9 des citoyens.<\/p>\n\n\n\n<p><br>Cette nouvelle mont\u00e9e de tension illustre une fois de plus la fragilit\u00e9 de la situation s\u00e9curitaire dans la r\u00e9gion m\u00e9tropolitaine de Port-au-Prince, o\u00f9 les habitants vivent au rythme de crises r\u00e9currentes, dans un contexte marqu\u00e9 par l\u2019incertitude et la peur.<\/p>\n","protected":false},"excerpt":{"rendered":"<p>Port-au-Prince, 21 janvier \u2014 Une atmosph\u00e8re de forte tension a r\u00e9gn\u00e9 ce mardi dans plusieurs quartiers de la<\/p>\n","protected":false},"author":1,"featured_media":651,"comment_status":"open","ping_status":"open","sticky":false,"template":"","format":"standard","meta":{"_daextrevo_audio_file_creation_date":"","_daextrevo_text_to_speech":"","_daextrevo_document_type":"","_jetpack_memberships_contains_paid_content":false,"footnotes":""},"categories":[1,18,19,7,10],"tags":[],"class_list":["post-650","post","type-post","status-publish","format-standard","has-post-thumbnail","hentry","category-actualites","category-election","category-insecurite","category-politique","category-securite"],"jetpack_sharing_enabled":true,"jetpack_featured_media_url":"https:\/\/i0.wp.com\/radioteleds.com\/wp-content\/uploads\/2026\/01\/Banque-Carte-de-credit-Flux-du-Processus_20260121_082638_0000.png?fit=1024%2C768&ssl=1","_links":{"self":[{"href":"https:\/\/radioteleds.com\/index.php\/wp-json\/wp\/v2\/posts\/650"}],"collection":[{"href":"https:\/\/radioteleds.com\/index.php\/wp-json\/wp\/v2\/posts"}],"about":[{"href":"https:\/\/radioteleds.com\/index.php\/wp-json\/wp\/v2\/types\/post"}],"author":[{"embeddable":true,"href":"https:\/\/radioteleds.com\/index.php\/wp-json\/wp\/v2\/users\/1"}],"replies":[{"embeddable":true,"href":"https:\/\/radioteleds.com\/index.php\/wp-json\/wp\/v2\/comments?post=650"}],"version-history":[{"count":1,"href":"https:\/\/radioteleds.com\/index.php\/wp-json\/wp\/v2\/posts\/650\/revisions"}],"predecessor-version":[{"id":652,"href":"https:\/\/radioteleds.com\/index.php\/wp-json\/wp\/v2\/posts\/650\/revisions\/652"}],"wp:featuredmedia":[{"embeddable":true,"href":"https:\/\/radioteleds.com\/index.php\/wp-json\/wp\/v2\/media\/651"}],"wp:attachment":[{"href":"https:\/\/radioteleds.com\/index.php\/wp-json\/wp\/v2\/media?parent=650"}],"wp:term":[{"taxonomy":"category","embeddable":true,"href":"https:\/\/radioteleds.com\/index.php\/wp-json\/wp\/v2\/categories?post=650"},{"taxonomy":"post_tag","embeddable":true,"href":"https:\/\/radioteleds.com\/index.php\/wp-json\/wp\/v2\/tags?post=650"}],"curies":[{"name":"wp","href":"https:\/\/api.w.org\/{rel}","templated":true}]}}