{"id":653,"date":"2026-01-21T15:29:31","date_gmt":"2026-01-21T14:29:31","guid":{"rendered":"https:\/\/radioteleds.com\/?p=653"},"modified":"2026-01-21T15:32:21","modified_gmt":"2026-01-21T14:32:21","slug":"vers-lapres-7-fevrier-2026-la-jeunesse-haitienne-sorganise-pour-une-position-commune","status":"publish","type":"post","link":"https:\/\/radioteleds.com\/index.php\/2026\/01\/21\/vers-lapres-7-fevrier-2026-la-jeunesse-haitienne-sorganise-pour-une-position-commune\/","title":{"rendered":"Vers l\u2019apr\u00e8s-7 f\u00e9vrier 2026 : la jeunesse ha\u00eftienne s\u2019organise pour une position commune"},"content":{"rendered":"\n<figure class=\"wp-block-image size-full\"><img data-recalc-dims=\"1\" fetchpriority=\"high\" decoding=\"async\" width=\"640\" height=\"480\" src=\"https:\/\/i0.wp.com\/radioteleds.com\/wp-content\/uploads\/2026\/01\/Banque-Carte-de-credit-Flux-du-Processus_20260119_160427_0000.png?resize=640%2C480&#038;ssl=1\" alt=\"\" class=\"wp-image-654\" srcset=\"https:\/\/i0.wp.com\/radioteleds.com\/wp-content\/uploads\/2026\/01\/Banque-Carte-de-credit-Flux-du-Processus_20260119_160427_0000.png?w=1024&amp;ssl=1 1024w, https:\/\/i0.wp.com\/radioteleds.com\/wp-content\/uploads\/2026\/01\/Banque-Carte-de-credit-Flux-du-Processus_20260119_160427_0000.png?resize=300%2C225&amp;ssl=1 300w, https:\/\/i0.wp.com\/radioteleds.com\/wp-content\/uploads\/2026\/01\/Banque-Carte-de-credit-Flux-du-Processus_20260119_160427_0000.png?resize=768%2C576&amp;ssl=1 768w\" sizes=\"(max-width: 640px) 100vw, 640px\" \/><\/figure>\n\n\n\n<p>\u00c0 quelques semaines de la fin officielle du mandat du Conseil Pr\u00e9sidentiel de Transition, les organisations de jeunesse ha\u00eftiennes multiplient les consultations afin d\u2019adopter une position commune face \u00e0 l\u2019avenir institutionnel du pays.<\/p>\n\n\n\n<p><br>Mis en place \u00e0 la suite de l\u2019accord politique du 3 avril 2024, le CPT devait permettre le retour progressif \u00e0 l\u2019ordre constitutionnel \u00e0 travers des r\u00e9formes majeures et des \u00e9lections d\u00e9mocratiques. Toutefois, selon les acteurs du secteur de la jeunesse, ces objectifs sont rest\u00e9s largement inachev\u00e9s.<\/p>\n\n\n\n<p><br>La population ha\u00eftienne continue de subir les effets combin\u00e9s de l\u2019ins\u00e9curit\u00e9, de la crise \u00e9conomique et de l\u2019instabilit\u00e9 politique. Les jeunes, en premi\u00e8re ligne de cette crise, d\u00e9noncent \u00e9galement leur marginalisation dans les processus de prise de d\u00e9cision nationale.<\/p>\n\n\n\n<p><br>Pour les organisations signataires, cet \u00e9chec du processus de transition impose une mobilisation des forces vives du pays. La jeunesse, forte de son poids d\u00e9mographique et de son engagement citoyen, entend jouer un r\u00f4le actif dans la construction de l\u2019apr\u00e8s-transition.<\/p>\n\n\n\n<p><br>Un appel solennel est adress\u00e9 aux organisations de jeunesse, aux mouvements sociaux et aux leaders engag\u00e9s, en Ha\u00efti comme au sein de la diaspora, afin de participer \u00e0 l\u2019\u00e9laboration d\u2019une vision commune pour l\u2019apr\u00e8s-7 f\u00e9vrier 2026.<\/p>\n","protected":false},"excerpt":{"rendered":"<p>\u00c0 quelques semaines de la fin officielle du mandat du Conseil Pr\u00e9sidentiel de Transition, les organisations de jeunesse<\/p>\n","protected":false},"author":1,"featured_media":654,"comment_status":"open","ping_status":"open","sticky":false,"template":"","format":"standard","meta":{"_daextrevo_audio_file_creation_date":"","_daextrevo_text_to_speech":"","_daextrevo_document_type":"","_jetpack_memberships_contains_paid_content":false,"footnotes":""},"categories":[1,18,7],"tags":[],"class_list":["post-653","post","type-post","status-publish","format-standard","has-post-thumbnail","hentry","category-actualites","category-election","category-politique"],"jetpack_sharing_enabled":true,"jetpack_featured_media_url":"https:\/\/i0.wp.com\/radioteleds.com\/wp-content\/uploads\/2026\/01\/Banque-Carte-de-credit-Flux-du-Processus_20260119_160427_0000.png?fit=1024%2C768&ssl=1","_links":{"self":[{"href":"https:\/\/radioteleds.com\/index.php\/wp-json\/wp\/v2\/posts\/653"}],"collection":[{"href":"https:\/\/radioteleds.com\/index.php\/wp-json\/wp\/v2\/posts"}],"about":[{"href":"https:\/\/radioteleds.com\/index.php\/wp-json\/wp\/v2\/types\/post"}],"author":[{"embeddable":true,"href":"https:\/\/radioteleds.com\/index.php\/wp-json\/wp\/v2\/users\/1"}],"replies":[{"embeddable":true,"href":"https:\/\/radioteleds.com\/index.php\/wp-json\/wp\/v2\/comments?post=653"}],"version-history":[{"count":1,"href":"https:\/\/radioteleds.com\/index.php\/wp-json\/wp\/v2\/posts\/653\/revisions"}],"predecessor-version":[{"id":655,"href":"https:\/\/radioteleds.com\/index.php\/wp-json\/wp\/v2\/posts\/653\/revisions\/655"}],"wp:featuredmedia":[{"embeddable":true,"href":"https:\/\/radioteleds.com\/index.php\/wp-json\/wp\/v2\/media\/654"}],"wp:attachment":[{"href":"https:\/\/radioteleds.com\/index.php\/wp-json\/wp\/v2\/media?parent=653"}],"wp:term":[{"taxonomy":"category","embeddable":true,"href":"https:\/\/radioteleds.com\/index.php\/wp-json\/wp\/v2\/categories?post=653"},{"taxonomy":"post_tag","embeddable":true,"href":"https:\/\/radioteleds.com\/index.php\/wp-json\/wp\/v2\/tags?post=653"}],"curies":[{"name":"wp","href":"https:\/\/api.w.org\/{rel}","templated":true}]}}