{"id":709,"date":"2026-03-11T17:15:42","date_gmt":"2026-03-11T16:15:42","guid":{"rendered":"https:\/\/radioteleds.com\/?p=709"},"modified":"2026-03-11T17:15:54","modified_gmt":"2026-03-11T16:15:54","slug":"iran-annonce-son-forfait-pour-la-coupe-du-monde-2026-un-debat-souvre-sur-son-remplacant","status":"publish","type":"post","link":"https:\/\/radioteleds.com\/index.php\/2026\/03\/11\/iran-annonce-son-forfait-pour-la-coupe-du-monde-2026-un-debat-souvre-sur-son-remplacant\/","title":{"rendered":"Iran annonce son forfait pour la Coupe du Monde 2026 : un d\u00e9bat s\u2019ouvre sur son rempla\u00e7ant"},"content":{"rendered":"\n<figure class=\"wp-block-image size-full\"><img data-recalc-dims=\"1\" fetchpriority=\"high\" decoding=\"async\" width=\"640\" height=\"480\" src=\"https:\/\/i0.wp.com\/radioteleds.com\/wp-content\/uploads\/2026\/03\/Banque-Carte-de-credit-Flux-du-Processus_20260311_110729_0000.png?resize=640%2C480&#038;ssl=1\" alt=\"\" class=\"wp-image-710\" srcset=\"https:\/\/i0.wp.com\/radioteleds.com\/wp-content\/uploads\/2026\/03\/Banque-Carte-de-credit-Flux-du-Processus_20260311_110729_0000.png?w=1024&amp;ssl=1 1024w, https:\/\/i0.wp.com\/radioteleds.com\/wp-content\/uploads\/2026\/03\/Banque-Carte-de-credit-Flux-du-Processus_20260311_110729_0000.png?resize=300%2C225&amp;ssl=1 300w, https:\/\/i0.wp.com\/radioteleds.com\/wp-content\/uploads\/2026\/03\/Banque-Carte-de-credit-Flux-du-Processus_20260311_110729_0000.png?resize=768%2C576&amp;ssl=1 768w\" sizes=\"(max-width: 640px) 100vw, 640px\" \/><\/figure>\n\n\n\n<p>Dans une d\u00e9claration officielle, le gouvernement iranien, par l\u2019interm\u00e9diaire de son ministre des Sports Ahmad Donyamali, a confirm\u00e9 que le pays ne participera pas \u00e0 la prochaine \u00e9dition de la FIFA World Cup 2026.<\/p>\n\n\n\n<p><br>Cette d\u00e9cision, qui place le sport face aux r\u00e9alit\u00e9s politiques, ouvre d\u00e9j\u00e0 un large d\u00e9bat dans le monde du football concernant l\u2019\u00e9quipe qui pourrait remplacer la s\u00e9lection iranienne, connue sous le nom de Team Melli.<\/p>\n\n\n\n<p><br>Plusieurs analystes sportifs estiment que le retrait de l\u2019Iran pourrait modifier certains \u00e9quilibres et offrir une opportunit\u00e9 \u00e0 une autre s\u00e9lection d\u2019int\u00e9grer la comp\u00e9tition la plus prestigieuse du football mondial.<\/p>\n\n\n\n<p><br>De nombreux supporters s\u2019interrogent \u00e9galement sur la possibilit\u00e9 que cette situation redonne espoir \u00e0 certaines \u00e9quipes qui n\u2019ont pas r\u00e9ussi \u00e0 se qualifier. Parmi elles figure la Haiti national football team, absente de la Coupe du Monde depuis sa participation \u00e0 la 1974 FIFA World Cup, soit plus de 52 ans sans apparition dans la comp\u00e9tition.<\/p>\n\n\n\n<p><br>Pour l\u2019instant, la FIFA n\u2019a pas encore communiqu\u00e9 officiellement sur l\u2019\u00e9quipe qui pourrait remplacer l\u2019Iran dans le tournoi. <\/p>\n","protected":false},"excerpt":{"rendered":"<p>Dans une d\u00e9claration officielle, le gouvernement iranien, par l\u2019interm\u00e9diaire de son ministre des Sports Ahmad Donyamali, a confirm\u00e9<\/p>\n","protected":false},"author":1,"featured_media":710,"comment_status":"open","ping_status":"open","sticky":false,"template":"","format":"standard","meta":{"_daextrevo_audio_file_creation_date":"","_daextrevo_text_to_speech":"","_daextrevo_document_type":"","_jetpack_memberships_contains_paid_content":false,"footnotes":""},"categories":[1,16,9,7,6],"tags":[],"class_list":["post-709","post","type-post","status-publish","format-standard","has-post-thumbnail","hentry","category-actualites","category-diplomatie","category-international","category-politique","category-sport"],"jetpack_sharing_enabled":true,"jetpack_featured_media_url":"https:\/\/i0.wp.com\/radioteleds.com\/wp-content\/uploads\/2026\/03\/Banque-Carte-de-credit-Flux-du-Processus_20260311_110729_0000.png?fit=1024%2C768&ssl=1","_links":{"self":[{"href":"https:\/\/radioteleds.com\/index.php\/wp-json\/wp\/v2\/posts\/709"}],"collection":[{"href":"https:\/\/radioteleds.com\/index.php\/wp-json\/wp\/v2\/posts"}],"about":[{"href":"https:\/\/radioteleds.com\/index.php\/wp-json\/wp\/v2\/types\/post"}],"author":[{"embeddable":true,"href":"https:\/\/radioteleds.com\/index.php\/wp-json\/wp\/v2\/users\/1"}],"replies":[{"embeddable":true,"href":"https:\/\/radioteleds.com\/index.php\/wp-json\/wp\/v2\/comments?post=709"}],"version-history":[{"count":1,"href":"https:\/\/radioteleds.com\/index.php\/wp-json\/wp\/v2\/posts\/709\/revisions"}],"predecessor-version":[{"id":711,"href":"https:\/\/radioteleds.com\/index.php\/wp-json\/wp\/v2\/posts\/709\/revisions\/711"}],"wp:featuredmedia":[{"embeddable":true,"href":"https:\/\/radioteleds.com\/index.php\/wp-json\/wp\/v2\/media\/710"}],"wp:attachment":[{"href":"https:\/\/radioteleds.com\/index.php\/wp-json\/wp\/v2\/media?parent=709"}],"wp:term":[{"taxonomy":"category","embeddable":true,"href":"https:\/\/radioteleds.com\/index.php\/wp-json\/wp\/v2\/categories?post=709"},{"taxonomy":"post_tag","embeddable":true,"href":"https:\/\/radioteleds.com\/index.php\/wp-json\/wp\/v2\/tags?post=709"}],"curies":[{"name":"wp","href":"https:\/\/api.w.org\/{rel}","templated":true}]}}