{"id":720,"date":"2026-03-15T00:06:52","date_gmt":"2026-03-14T23:06:52","guid":{"rendered":"https:\/\/radioteleds.com\/?p=720"},"modified":"2026-03-15T00:07:00","modified_gmt":"2026-03-14T23:07:00","slug":"arrestation-de-lancien-depute-haitien-arnel-belizaire-a-petion-ville","status":"publish","type":"post","link":"https:\/\/radioteleds.com\/index.php\/2026\/03\/15\/arrestation-de-lancien-depute-haitien-arnel-belizaire-a-petion-ville\/","title":{"rendered":"Arrestation de l\u2019ancien d\u00e9put\u00e9 ha\u00eftien Arnel B\u00e9lizaire \u00e0 P\u00e9tion-Ville"},"content":{"rendered":"\n<figure class=\"wp-block-image size-full\"><img data-recalc-dims=\"1\" fetchpriority=\"high\" decoding=\"async\" width=\"640\" height=\"480\" src=\"https:\/\/i0.wp.com\/radioteleds.com\/wp-content\/uploads\/2026\/03\/Banque-Carte-de-credit-Flux-du-Processus_20260314_175308_0000.png?resize=640%2C480&#038;ssl=1\" alt=\"\" class=\"wp-image-721\" srcset=\"https:\/\/i0.wp.com\/radioteleds.com\/wp-content\/uploads\/2026\/03\/Banque-Carte-de-credit-Flux-du-Processus_20260314_175308_0000.png?w=1024&amp;ssl=1 1024w, https:\/\/i0.wp.com\/radioteleds.com\/wp-content\/uploads\/2026\/03\/Banque-Carte-de-credit-Flux-du-Processus_20260314_175308_0000.png?resize=300%2C225&amp;ssl=1 300w, https:\/\/i0.wp.com\/radioteleds.com\/wp-content\/uploads\/2026\/03\/Banque-Carte-de-credit-Flux-du-Processus_20260314_175308_0000.png?resize=768%2C576&amp;ssl=1 768w\" sizes=\"(max-width: 640px) 100vw, 640px\" \/><\/figure>\n\n\n\n<p>L\u2019ancien d\u00e9put\u00e9 ha\u00eftien Arnel B\u00e9lizaire a \u00e9t\u00e9 arr\u00eat\u00e9 ce samedi 14 mars 2026 vers 16h45 \u00e0 l\u2019H\u00f4tel Oasis, situ\u00e9 dans la commune de P\u00e9tion-Ville.<\/p>\n\n\n\n<p><br>L\u2019op\u00e9ration a \u00e9t\u00e9 men\u00e9e par des agents de la Direction Centrale de la Police Judiciaire (DCPJ), agissant sur la base d\u2019un mandat visant \u00e0 conduire l\u2019ancien parlementaire devant la justice.<\/p>\n\n\n\n<p><br>Selon les premi\u00e8res informations disponibles, les agents de la police judiciaire ont proc\u00e9d\u00e9 \u00e0 l\u2019arrestation de l\u2019ancien d\u00e9put\u00e9 sans incident majeur. Pour l\u2019instant, les autorit\u00e9s n\u2019ont pas encore communiqu\u00e9 de d\u00e9tails pr\u00e9cis concernant les motifs de cette arrestation.<\/p>\n\n\n\n<p><br>Cette interpellation suscite d\u00e9j\u00e0 de nombreuses r\u00e9actions dans l\u2019opinion publique, en raison de la notori\u00e9t\u00e9 politique de Arnel B\u00e9lizaire sur la sc\u00e8ne nationale.<\/p>\n\n\n\n<p><br>Les autorit\u00e9s judiciaires devraient apporter davantage d\u2019\u00e9claircissements dans les prochaines heures, alors que l\u2019enqu\u00eate se poursuit.<\/p>\n","protected":false},"excerpt":{"rendered":"<p>L\u2019ancien d\u00e9put\u00e9 ha\u00eftien Arnel B\u00e9lizaire a \u00e9t\u00e9 arr\u00eat\u00e9 ce samedi 14 mars 2026 vers 16h45 \u00e0 l\u2019H\u00f4tel Oasis,<\/p>\n","protected":false},"author":1,"featured_media":721,"comment_status":"open","ping_status":"open","sticky":false,"template":"","format":"standard","meta":{"_daextrevo_audio_file_creation_date":"","_daextrevo_text_to_speech":"","_daextrevo_document_type":"","_jetpack_memberships_contains_paid_content":false,"footnotes":""},"categories":[1,24,7,10],"tags":[],"class_list":["post-720","post","type-post","status-publish","format-standard","has-post-thumbnail","hentry","category-actualites","category-justice","category-politique","category-securite"],"jetpack_sharing_enabled":true,"jetpack_featured_media_url":"https:\/\/i0.wp.com\/radioteleds.com\/wp-content\/uploads\/2026\/03\/Banque-Carte-de-credit-Flux-du-Processus_20260314_175308_0000.png?fit=1024%2C768&ssl=1","_links":{"self":[{"href":"https:\/\/radioteleds.com\/index.php\/wp-json\/wp\/v2\/posts\/720"}],"collection":[{"href":"https:\/\/radioteleds.com\/index.php\/wp-json\/wp\/v2\/posts"}],"about":[{"href":"https:\/\/radioteleds.com\/index.php\/wp-json\/wp\/v2\/types\/post"}],"author":[{"embeddable":true,"href":"https:\/\/radioteleds.com\/index.php\/wp-json\/wp\/v2\/users\/1"}],"replies":[{"embeddable":true,"href":"https:\/\/radioteleds.com\/index.php\/wp-json\/wp\/v2\/comments?post=720"}],"version-history":[{"count":1,"href":"https:\/\/radioteleds.com\/index.php\/wp-json\/wp\/v2\/posts\/720\/revisions"}],"predecessor-version":[{"id":722,"href":"https:\/\/radioteleds.com\/index.php\/wp-json\/wp\/v2\/posts\/720\/revisions\/722"}],"wp:featuredmedia":[{"embeddable":true,"href":"https:\/\/radioteleds.com\/index.php\/wp-json\/wp\/v2\/media\/721"}],"wp:attachment":[{"href":"https:\/\/radioteleds.com\/index.php\/wp-json\/wp\/v2\/media?parent=720"}],"wp:term":[{"taxonomy":"category","embeddable":true,"href":"https:\/\/radioteleds.com\/index.php\/wp-json\/wp\/v2\/categories?post=720"},{"taxonomy":"post_tag","embeddable":true,"href":"https:\/\/radioteleds.com\/index.php\/wp-json\/wp\/v2\/tags?post=720"}],"curies":[{"name":"wp","href":"https:\/\/api.w.org\/{rel}","templated":true}]}}