{"id":723,"date":"2026-03-15T01:28:16","date_gmt":"2026-03-15T00:28:16","guid":{"rendered":"https:\/\/radioteleds.com\/?p=723"},"modified":"2026-03-15T01:28:22","modified_gmt":"2026-03-15T00:28:22","slug":"politique-labsence-du-parti-haitien-tet-kale-relance-le-debat-avant-les-elections-en-haiti","status":"publish","type":"post","link":"https:\/\/radioteleds.com\/index.php\/2026\/03\/15\/politique-labsence-du-parti-haitien-tet-kale-relance-le-debat-avant-les-elections-en-haiti\/","title":{"rendered":"Politique : l\u2019absence du Parti Ha\u00eftien T\u00e8t Kale relance le d\u00e9bat avant les \u00e9lections en Ha\u00efti"},"content":{"rendered":"\n<figure class=\"wp-block-image size-full\"><img data-recalc-dims=\"1\" fetchpriority=\"high\" decoding=\"async\" width=\"640\" height=\"480\" src=\"https:\/\/i0.wp.com\/radioteleds.com\/wp-content\/uploads\/2026\/03\/Banque-Carte-de-credit-Flux-du-Processus_20260314_192501_0000.png?resize=640%2C480&#038;ssl=1\" alt=\"\" class=\"wp-image-724\" srcset=\"https:\/\/i0.wp.com\/radioteleds.com\/wp-content\/uploads\/2026\/03\/Banque-Carte-de-credit-Flux-du-Processus_20260314_192501_0000.png?w=1024&amp;ssl=1 1024w, https:\/\/i0.wp.com\/radioteleds.com\/wp-content\/uploads\/2026\/03\/Banque-Carte-de-credit-Flux-du-Processus_20260314_192501_0000.png?resize=300%2C225&amp;ssl=1 300w, https:\/\/i0.wp.com\/radioteleds.com\/wp-content\/uploads\/2026\/03\/Banque-Carte-de-credit-Flux-du-Processus_20260314_192501_0000.png?resize=768%2C576&amp;ssl=1 768w\" sizes=\"(max-width: 640px) 100vw, 640px\" \/><\/figure>\n\n\n\n<p>\u00c0 l\u2019approche des prochaines \u00e9lections en Ha\u00efti, un fait retient particuli\u00e8rement l\u2019attention des observateurs de la vie politique nationale : l\u2019absence du Parti Ha\u00eftien T\u00e8t Kale (PHTK) parmi les partis politiques ayant officiellement entam\u00e9 les d\u00e9marches d\u2019inscription pour participer au scrutin.<\/p>\n\n\n\n<p><br>Consid\u00e9r\u00e9 comme l\u2019un des partis les plus influents de la derni\u00e8re d\u00e9cennie, le PHTK s\u2019est illustr\u00e9 sur la sc\u00e8ne politique ha\u00eftienne en remportant l\u2019\u00e9lection pr\u00e9sidentielle de 2016 avec son candidat Jovenel Mo\u00efse. Cette victoire s\u2019inscrivait dans la continuit\u00e9 du mouvement politique initi\u00e9 par l\u2019ancien pr\u00e9sident Michel Martelly, figure embl\u00e9matique du parti.<\/p>\n\n\n\n<figure class=\"wp-block-image size-large\"><img data-recalc-dims=\"1\" decoding=\"async\" width=\"640\" height=\"427\" src=\"https:\/\/i0.wp.com\/radioteleds.com\/wp-content\/uploads\/2026\/03\/Lambert-phtk-2.jpg?resize=640%2C427&#038;ssl=1\" alt=\"\" class=\"wp-image-725\" srcset=\"https:\/\/i0.wp.com\/radioteleds.com\/wp-content\/uploads\/2026\/03\/Lambert-phtk-2.jpg?resize=1024%2C683&amp;ssl=1 1024w, https:\/\/i0.wp.com\/radioteleds.com\/wp-content\/uploads\/2026\/03\/Lambert-phtk-2.jpg?resize=300%2C200&amp;ssl=1 300w, https:\/\/i0.wp.com\/radioteleds.com\/wp-content\/uploads\/2026\/03\/Lambert-phtk-2.jpg?resize=768%2C512&amp;ssl=1 768w, https:\/\/i0.wp.com\/radioteleds.com\/wp-content\/uploads\/2026\/03\/Lambert-phtk-2.jpg?resize=1536%2C1024&amp;ssl=1 1536w, https:\/\/i0.wp.com\/radioteleds.com\/wp-content\/uploads\/2026\/03\/Lambert-phtk-2.jpg?w=2048&amp;ssl=1 2048w, https:\/\/i0.wp.com\/radioteleds.com\/wp-content\/uploads\/2026\/03\/Lambert-phtk-2.jpg?w=1280&amp;ssl=1 1280w, https:\/\/i0.wp.com\/radioteleds.com\/wp-content\/uploads\/2026\/03\/Lambert-phtk-2.jpg?w=1920&amp;ssl=1 1920w\" sizes=\"(max-width: 640px) 100vw, 640px\" \/><\/figure>\n\n\n\n<p><br>Cependant, malgr\u00e9 son poids politique et son influence pass\u00e9e, le PHTK ne figure pas, pour l\u2019instant, sur la liste des formations politiques enregistr\u00e9es en vue des prochaines \u00e9ch\u00e9ances \u00e9lectorales. Cette situation soul\u00e8ve de nombreuses interrogations au sein de l\u2019opinion publique ainsi que dans les milieux politiques.<\/p>\n\n\n\n<p><br>Plusieurs analystes estiment que cette absence pourrait \u00eatre li\u00e9e \u00e0 des r\u00e9organisations internes, \u00e0 des calculs strat\u00e9giques ou encore au contexte politique et institutionnel complexe que traverse actuellement le pays. D\u2019autres observateurs pensent que le parti pourrait annoncer sa position officielle dans les semaines \u00e0 venir.<\/p>\n\n\n\n<p><br>Dans un climat marqu\u00e9 par des d\u00e9fis s\u00e9curitaires et institutionnels majeurs, la participation des principales forces politiques demeure un enjeu crucial pour la cr\u00e9dibilit\u00e9 et la r\u00e9ussite du processus \u00e9lectoral. L\u2019\u00e9volution de la position du Parti Ha\u00eftien T\u00e8t Kale sera donc suivie de pr\u00e8s dans les prochains jours. <\/p>\n","protected":false},"excerpt":{"rendered":"<p>\u00c0 l\u2019approche des prochaines \u00e9lections en Ha\u00efti, un fait retient particuli\u00e8rement l\u2019attention des observateurs de la vie politique<\/p>\n","protected":false},"author":1,"featured_media":724,"comment_status":"open","ping_status":"open","sticky":false,"template":"","format":"standard","meta":{"_daextrevo_audio_file_creation_date":"","_daextrevo_text_to_speech":"","_daextrevo_document_type":"","_jetpack_memberships_contains_paid_content":false,"footnotes":""},"categories":[1,18,7],"tags":[],"class_list":["post-723","post","type-post","status-publish","format-standard","has-post-thumbnail","hentry","category-actualites","category-election","category-politique"],"jetpack_sharing_enabled":true,"jetpack_featured_media_url":"https:\/\/i0.wp.com\/radioteleds.com\/wp-content\/uploads\/2026\/03\/Banque-Carte-de-credit-Flux-du-Processus_20260314_192501_0000.png?fit=1024%2C768&ssl=1","_links":{"self":[{"href":"https:\/\/radioteleds.com\/index.php\/wp-json\/wp\/v2\/posts\/723"}],"collection":[{"href":"https:\/\/radioteleds.com\/index.php\/wp-json\/wp\/v2\/posts"}],"about":[{"href":"https:\/\/radioteleds.com\/index.php\/wp-json\/wp\/v2\/types\/post"}],"author":[{"embeddable":true,"href":"https:\/\/radioteleds.com\/index.php\/wp-json\/wp\/v2\/users\/1"}],"replies":[{"embeddable":true,"href":"https:\/\/radioteleds.com\/index.php\/wp-json\/wp\/v2\/comments?post=723"}],"version-history":[{"count":1,"href":"https:\/\/radioteleds.com\/index.php\/wp-json\/wp\/v2\/posts\/723\/revisions"}],"predecessor-version":[{"id":726,"href":"https:\/\/radioteleds.com\/index.php\/wp-json\/wp\/v2\/posts\/723\/revisions\/726"}],"wp:featuredmedia":[{"embeddable":true,"href":"https:\/\/radioteleds.com\/index.php\/wp-json\/wp\/v2\/media\/724"}],"wp:attachment":[{"href":"https:\/\/radioteleds.com\/index.php\/wp-json\/wp\/v2\/media?parent=723"}],"wp:term":[{"taxonomy":"category","embeddable":true,"href":"https:\/\/radioteleds.com\/index.php\/wp-json\/wp\/v2\/categories?post=723"},{"taxonomy":"post_tag","embeddable":true,"href":"https:\/\/radioteleds.com\/index.php\/wp-json\/wp\/v2\/tags?post=723"}],"curies":[{"name":"wp","href":"https:\/\/api.w.org\/{rel}","templated":true}]}}