{"id":733,"date":"2026-03-16T23:29:11","date_gmt":"2026-03-16T22:29:11","guid":{"rendered":"https:\/\/radioteleds.com\/?p=733"},"modified":"2026-03-16T23:29:20","modified_gmt":"2026-03-16T22:29:20","slug":"labsence-de-neymar-en-selection-bresilienne-relance-le-debat-sur-sa-participation-au-mondial","status":"publish","type":"post","link":"https:\/\/radioteleds.com\/index.php\/2026\/03\/16\/labsence-de-neymar-en-selection-bresilienne-relance-le-debat-sur-sa-participation-au-mondial\/","title":{"rendered":"L\u2019absence de Neymar en s\u00e9lection br\u00e9silienne relance le d\u00e9bat sur sa participation au Mondial"},"content":{"rendered":"\n<figure class=\"wp-block-image size-full\"><img data-recalc-dims=\"1\" fetchpriority=\"high\" decoding=\"async\" width=\"640\" height=\"480\" src=\"https:\/\/i0.wp.com\/radioteleds.com\/wp-content\/uploads\/2026\/03\/Banque-Carte-de-credit-Flux-du-Processus_20260316_172507_0000.png?resize=640%2C480&#038;ssl=1\" alt=\"\" class=\"wp-image-734\" srcset=\"https:\/\/i0.wp.com\/radioteleds.com\/wp-content\/uploads\/2026\/03\/Banque-Carte-de-credit-Flux-du-Processus_20260316_172507_0000.png?w=1024&amp;ssl=1 1024w, https:\/\/i0.wp.com\/radioteleds.com\/wp-content\/uploads\/2026\/03\/Banque-Carte-de-credit-Flux-du-Processus_20260316_172507_0000.png?resize=300%2C225&amp;ssl=1 300w, https:\/\/i0.wp.com\/radioteleds.com\/wp-content\/uploads\/2026\/03\/Banque-Carte-de-credit-Flux-du-Processus_20260316_172507_0000.png?resize=768%2C576&amp;ssl=1 768w\" sizes=\"(max-width: 640px) 100vw, 640px\" \/><\/figure>\n\n\n\n<p>L\u2019absence de Neymar dans la derni\u00e8re liste du Br\u00e9sil national football team continue de susciter de nombreuses r\u00e9actions dans le monde du football. \u00c0 l\u2019approche de la Coupe du Monde de la FIFA 2026, plusieurs supporters s\u2019interrogent sur la pr\u00e9sence ou non de la star br\u00e9silienne lors du grand rendez-vous mondial.<\/p>\n\n\n\n<p><br>Depuis quelque temps, l\u2019attaquant br\u00e9silien traverse une p\u00e9riode compliqu\u00e9e, notamment \u00e0 cause de blessures qui ont frein\u00e9 sa r\u00e9gularit\u00e9 sur les terrains. Cette situation a pouss\u00e9 le s\u00e9lectionneur Dorival J\u00fanior \u00e0 miser sur d\u2019autres joueurs lors des derni\u00e8res convocations afin de pr\u00e9parer l\u2019avenir de la Sele\u00e7\u00e3o.<\/p>\n\n\n\n<p><br>Malgr\u00e9 tout, la porte de l\u2019\u00e9quipe nationale ne semble pas totalement ferm\u00e9e pour Neymar. Le staff technique continue de suivre l\u2019\u00e9volution du joueur, qui reste l\u2019un des footballeurs les plus talentueux de sa g\u00e9n\u00e9ration.<\/p>\n\n\n\n<p><br>Ancien joueur du FC Barcelone et du Paris Saint-Germain, Neymar poss\u00e8de une grande exp\u00e9rience des comp\u00e9titions internationales. S\u2019il parvient \u00e0 retrouver sa meilleure forme dans les mois \u00e0 venir, il pourrait encore esp\u00e9rer faire partie du groupe br\u00e9silien pour la Coupe du monde 2026.<\/p>\n\n\n\n<p><br>En attendant, l\u2019incertitude demeure. Mais une chose est s\u00fbre : la question de la pr\u00e9sence de Neymar au Mondial continue d\u2019alimenter le d\u00e9bat au Br\u00e9sil et parmi les amateurs de football \u00e0 travers le monde. <\/p>\n","protected":false},"excerpt":{"rendered":"<p>L\u2019absence de Neymar dans la derni\u00e8re liste du Br\u00e9sil national football team continue de susciter de nombreuses r\u00e9actions<\/p>\n","protected":false},"author":1,"featured_media":734,"comment_status":"open","ping_status":"open","sticky":false,"template":"","format":"standard","meta":{"_daextrevo_audio_file_creation_date":"","_daextrevo_text_to_speech":"","_daextrevo_document_type":"","_jetpack_memberships_contains_paid_content":false,"footnotes":""},"categories":[1,9,6],"tags":[],"class_list":["post-733","post","type-post","status-publish","format-standard","has-post-thumbnail","hentry","category-actualites","category-international","category-sport"],"jetpack_sharing_enabled":true,"jetpack_featured_media_url":"https:\/\/i0.wp.com\/radioteleds.com\/wp-content\/uploads\/2026\/03\/Banque-Carte-de-credit-Flux-du-Processus_20260316_172507_0000.png?fit=1024%2C768&ssl=1","_links":{"self":[{"href":"https:\/\/radioteleds.com\/index.php\/wp-json\/wp\/v2\/posts\/733"}],"collection":[{"href":"https:\/\/radioteleds.com\/index.php\/wp-json\/wp\/v2\/posts"}],"about":[{"href":"https:\/\/radioteleds.com\/index.php\/wp-json\/wp\/v2\/types\/post"}],"author":[{"embeddable":true,"href":"https:\/\/radioteleds.com\/index.php\/wp-json\/wp\/v2\/users\/1"}],"replies":[{"embeddable":true,"href":"https:\/\/radioteleds.com\/index.php\/wp-json\/wp\/v2\/comments?post=733"}],"version-history":[{"count":1,"href":"https:\/\/radioteleds.com\/index.php\/wp-json\/wp\/v2\/posts\/733\/revisions"}],"predecessor-version":[{"id":735,"href":"https:\/\/radioteleds.com\/index.php\/wp-json\/wp\/v2\/posts\/733\/revisions\/735"}],"wp:featuredmedia":[{"embeddable":true,"href":"https:\/\/radioteleds.com\/index.php\/wp-json\/wp\/v2\/media\/734"}],"wp:attachment":[{"href":"https:\/\/radioteleds.com\/index.php\/wp-json\/wp\/v2\/media?parent=733"}],"wp:term":[{"taxonomy":"category","embeddable":true,"href":"https:\/\/radioteleds.com\/index.php\/wp-json\/wp\/v2\/categories?post=733"},{"taxonomy":"post_tag","embeddable":true,"href":"https:\/\/radioteleds.com\/index.php\/wp-json\/wp\/v2\/tags?post=733"}],"curies":[{"name":"wp","href":"https:\/\/api.w.org\/{rel}","templated":true}]}}