{"id":736,"date":"2026-03-18T00:53:36","date_gmt":"2026-03-17T23:53:36","guid":{"rendered":"https:\/\/radioteleds.com\/?p=736"},"modified":"2026-03-18T00:53:42","modified_gmt":"2026-03-17T23:53:42","slug":"wilson-isidor-fait-le-choix-dhaiti-et-rejoint-une-liste-elargie-de-convoques","status":"publish","type":"post","link":"https:\/\/radioteleds.com\/index.php\/2026\/03\/18\/wilson-isidor-fait-le-choix-dhaiti-et-rejoint-une-liste-elargie-de-convoques\/","title":{"rendered":"Wilson Isidor fait le choix d\u2019Ha\u00efti et rejoint une liste \u00e9largie de convoqu\u00e9s"},"content":{"rendered":"\n<figure class=\"wp-block-image size-full\"><img data-recalc-dims=\"1\" fetchpriority=\"high\" decoding=\"async\" width=\"640\" height=\"480\" src=\"https:\/\/i0.wp.com\/radioteleds.com\/wp-content\/uploads\/2026\/03\/Banque-Carte-de-credit-Flux-du-Processus_20260317_185009_0000.png?resize=640%2C480&#038;ssl=1\" alt=\"\" class=\"wp-image-737\" srcset=\"https:\/\/i0.wp.com\/radioteleds.com\/wp-content\/uploads\/2026\/03\/Banque-Carte-de-credit-Flux-du-Processus_20260317_185009_0000.png?w=1024&amp;ssl=1 1024w, https:\/\/i0.wp.com\/radioteleds.com\/wp-content\/uploads\/2026\/03\/Banque-Carte-de-credit-Flux-du-Processus_20260317_185009_0000.png?resize=300%2C225&amp;ssl=1 300w, https:\/\/i0.wp.com\/radioteleds.com\/wp-content\/uploads\/2026\/03\/Banque-Carte-de-credit-Flux-du-Processus_20260317_185009_0000.png?resize=768%2C576&amp;ssl=1 768w\" sizes=\"(max-width: 640px) 100vw, 640px\" \/><\/figure>\n\n\n\n<p>L\u2019attaquant Wilson Isidor a officiellement d\u00e9cid\u00e9 de repr\u00e9senter Ha\u00efti sur la sc\u00e8ne internationale. Une annonce qui marque un tournant important pour la s\u00e9lection ha\u00eftienne, en qu\u00eate de renforts de qualit\u00e9 pour ses prochaines \u00e9ch\u00e9ances.<\/p>\n\n\n\n<p><br>Le joueur figure d\u00e9sormais sur la liste des convoqu\u00e9s publi\u00e9e par le s\u00e9lectionneur S\u00e9bastien Mign\u00e9 pour disputer les deux prochains matchs des Grenadiers. Sa pr\u00e9sence confirme son engagement envers Ha\u00efti, mais aussi la volont\u00e9 du staff technique de renforcer le secteur offensif.<\/p>\n\n\n\n<p><br>Aux c\u00f4t\u00e9s de Wilson Isidor, plusieurs cadres et nouveaux visages ont \u00e9galement \u00e9t\u00e9 appel\u00e9s. Parmi eux, on retrouve Duckens Nazon, \u00e9l\u00e9ment cl\u00e9 de l\u2019attaque ha\u00eftienne, ainsi que Frantzdy Pierrot, reconnu pour son efficacit\u00e9 devant le but. Le milieu de terrain sera notamment anim\u00e9 par Danley Jean Jacques, tandis que la d\u00e9fense pourra compter sur l\u2019exp\u00e9rience de Ricardo Ad\u00e9.<br>D\u2019autres joueurs comme Johny Placide, gardien embl\u00e9matique de la s\u00e9lection, ou encore Alexandre Pierre viennent compl\u00e9ter ce groupe \u00e9quilibr\u00e9, m\u00ealant exp\u00e9rience et jeunesse.<\/p>\n\n\n\n<figure class=\"wp-block-image size-large\"><img data-recalc-dims=\"1\" decoding=\"async\" width=\"640\" height=\"800\" src=\"https:\/\/i0.wp.com\/radioteleds.com\/wp-content\/uploads\/2026\/03\/1773779744966.jpg?resize=640%2C800&#038;ssl=1\" alt=\"\" class=\"wp-image-738\" srcset=\"https:\/\/i0.wp.com\/radioteleds.com\/wp-content\/uploads\/2026\/03\/1773779744966.jpg?resize=819%2C1024&amp;ssl=1 819w, https:\/\/i0.wp.com\/radioteleds.com\/wp-content\/uploads\/2026\/03\/1773779744966.jpg?resize=240%2C300&amp;ssl=1 240w, https:\/\/i0.wp.com\/radioteleds.com\/wp-content\/uploads\/2026\/03\/1773779744966.jpg?resize=768%2C960&amp;ssl=1 768w, https:\/\/i0.wp.com\/radioteleds.com\/wp-content\/uploads\/2026\/03\/1773779744966.jpg?resize=1024%2C1280&amp;ssl=1 1024w, https:\/\/i0.wp.com\/radioteleds.com\/wp-content\/uploads\/2026\/03\/1773779744966.jpg?w=1080&amp;ssl=1 1080w\" sizes=\"(max-width: 640px) 100vw, 640px\" \/><\/figure>\n\n\n\n<p><br>Avec cette liste \u00e9largie, le s\u00e9lectionneur affiche clairement ses ambitions : b\u00e2tir une \u00e9quipe comp\u00e9titive capable de r\u00e9pondre aux d\u00e9fis \u00e0 venir. L\u2019int\u00e9gration de nouveaux talents comme Wilson Isidor pourrait apporter une nouvelle dynamique et offrir davantage d\u2019options tactiques.<\/p>\n\n\n\n<p><br>Les deux prochaines rencontres serviront donc de test grandeur nature pour ce groupe remani\u00e9. Les supporters ha\u00eftiens esp\u00e8rent voir une \u00e9quipe solide, ambitieuse et capable de faire la diff\u00e9rence.<\/p>\n\n\n\n<p><br>L\u2019arriv\u00e9e de Wilson Isidor, combin\u00e9e \u00e0 la pr\u00e9sence de cadres confirm\u00e9s, pourrait bien marquer le d\u00e9but d\u2019une nouvelle \u00e8re pour les Grenadiers.<\/p>\n","protected":false},"excerpt":{"rendered":"<p>L\u2019attaquant Wilson Isidor a officiellement d\u00e9cid\u00e9 de repr\u00e9senter Ha\u00efti sur la sc\u00e8ne internationale. Une annonce qui marque un<\/p>\n","protected":false},"author":1,"featured_media":737,"comment_status":"open","ping_status":"open","sticky":false,"template":"","format":"standard","meta":{"_daextrevo_audio_file_creation_date":"","_daextrevo_text_to_speech":"","_daextrevo_document_type":"","_jetpack_memberships_contains_paid_content":false,"footnotes":""},"categories":[1,9,22,6],"tags":[],"class_list":["post-736","post","type-post","status-publish","format-standard","has-post-thumbnail","hentry","category-actualites","category-international","category-produit-local","category-sport"],"jetpack_sharing_enabled":true,"jetpack_featured_media_url":"https:\/\/i0.wp.com\/radioteleds.com\/wp-content\/uploads\/2026\/03\/Banque-Carte-de-credit-Flux-du-Processus_20260317_185009_0000.png?fit=1024%2C768&ssl=1","_links":{"self":[{"href":"https:\/\/radioteleds.com\/index.php\/wp-json\/wp\/v2\/posts\/736"}],"collection":[{"href":"https:\/\/radioteleds.com\/index.php\/wp-json\/wp\/v2\/posts"}],"about":[{"href":"https:\/\/radioteleds.com\/index.php\/wp-json\/wp\/v2\/types\/post"}],"author":[{"embeddable":true,"href":"https:\/\/radioteleds.com\/index.php\/wp-json\/wp\/v2\/users\/1"}],"replies":[{"embeddable":true,"href":"https:\/\/radioteleds.com\/index.php\/wp-json\/wp\/v2\/comments?post=736"}],"version-history":[{"count":1,"href":"https:\/\/radioteleds.com\/index.php\/wp-json\/wp\/v2\/posts\/736\/revisions"}],"predecessor-version":[{"id":739,"href":"https:\/\/radioteleds.com\/index.php\/wp-json\/wp\/v2\/posts\/736\/revisions\/739"}],"wp:featuredmedia":[{"embeddable":true,"href":"https:\/\/radioteleds.com\/index.php\/wp-json\/wp\/v2\/media\/737"}],"wp:attachment":[{"href":"https:\/\/radioteleds.com\/index.php\/wp-json\/wp\/v2\/media?parent=736"}],"wp:term":[{"taxonomy":"category","embeddable":true,"href":"https:\/\/radioteleds.com\/index.php\/wp-json\/wp\/v2\/categories?post=736"},{"taxonomy":"post_tag","embeddable":true,"href":"https:\/\/radioteleds.com\/index.php\/wp-json\/wp\/v2\/tags?post=736"}],"curies":[{"name":"wp","href":"https:\/\/api.w.org\/{rel}","templated":true}]}}